{"id":4288,"date":"2019-11-07T00:56:41","date_gmt":"2019-11-07T02:56:41","guid":{"rendered":"http:\/\/dgospel.com.br\/portal\/?p=4288"},"modified":"2019-11-07T00:56:41","modified_gmt":"2019-11-07T02:56:41","slug":"wanderlei-barbosa-discute-com-secretaria-da-infraestrutura-implantacao-de-projeto-automotivo-para-palmas","status":"publish","type":"post","link":"https:\/\/dgospel.com.br\/portal\/index.php\/2019\/11\/07\/wanderlei-barbosa-discute-com-secretaria-da-infraestrutura-implantacao-de-projeto-automotivo-para-palmas\/","title":{"rendered":"Wanderlei Barbosa discute com secret\u00e1ria da Infraestrutura implanta\u00e7\u00e3o de projeto automotivo para Palmas"},"content":{"rendered":"\n<p>O vice-governador do Tocantins, Wanderlei Barbosa, se reuniu nesta quarta-feira, 6, na vice-governadoria, com a Secret\u00e1ria da Infraestrutura (Seinf), Juliana Passarim, para discutir a implanta\u00e7\u00e3o do projeto automotivo denominado inicialmente Shopping do Autom\u00f3vel.<\/p>\n\n\n\n<p>O projeto \u00e9 de iniciativa dos empres\u00e1rios do setor automotivo, conduzido pela Associa\u00e7\u00e3o Comercial e Empresarial de Palmas (Acipa) e Federa\u00e7\u00e3o das Associa\u00e7\u00f5es Comerciais e Empresariais do Estado de Tocantins (Faciet). Atualmente, o projeto aguarda as normas para a comercializa\u00e7\u00e3o dos lotes, linhas de cr\u00e9dito para os empres\u00e1rios e implanta\u00e7\u00e3o da infraestrutura no local.<\/p>\n\n\n\n<p>Na ocasi\u00e3o, o esbo\u00e7o foi apresentado a Secret\u00e1ria Juliana Passarim, &nbsp;onde ao olhar atento do t\u00e9cnico Diretor de Projetos e Or\u00e7amento da Seinf, o Engenheiro Civil Felipe Avelino Pacheco, ficou definido que uma equipe de profissionais ir\u00e3o se reunir na segunda-feira,11, para discutir a pr\u00f3xima etapa do empreendimento. \u201cTemos primeiramente que elaborar o gerenciamento dos custos, como por exemplo, um or\u00e7amento estimativo e fazer uma an\u00e1lise se a pr\u00f3pria Seinf poder\u00e1 atender a implanta\u00e7\u00e3o ou contratar uma empresa para os servi\u00e7os\u201d, disse.<\/p>\n\n\n\n<p>Para Wanderlei Barbosa o projeto trar\u00e1 um grande benef\u00edcio para a estrutura de todos os setores automotivos da Capital e uma melhor comodidade para os palmenses e visitantes. \u201cSeguimos com o trabalho e a miss\u00e3o do governo \u00e9 contribuir com incentivos fiscais dando prosseguimento e agilidade neste projeto\u201d, disse o vice-governador.<\/p>\n\n\n\n<p>Participaram tamb\u00e9m da reuni\u00e3o o secret\u00e1rio Ridoval Chiareloto da Ind\u00fastria e Com\u00e9rcio, o secret\u00e1rio da Terratins Aleandro, o engenheiro da Seinfra Felipe Avelino e os representantes da Secretaria da Ind\u00fastria, Com\u00e9rcio e Servi\u00e7os (SICS),&nbsp;Jos\u00e9 Arimateia , Vilmar Wanderley e Carlos Carneiro.<\/p>\n\n\n\n<p><strong>O projeto<\/strong><\/p>\n\n\n\n<p>O projeto deve ser implantado na quadra 512 Norte, em Palmas, numa \u00e1rea de cerca de 830 mil\u00b2, prev\u00ea 255 lotes dimensionados, sendo 137 numa primeira etapa, para atender empreendimentos como concession\u00e1rias, revenda de ve\u00edculos seminovos, oficinas mec\u00e2nicas, autope\u00e7as, despachantes, autoescolas. Al\u00e9m de espa\u00e7o reservado para restaurantes, seguradoras, cart\u00f3rios, posto do Detran e financeiras.<\/p>\n","protected":false},"excerpt":{"rendered":"<p>O vice-governador do Tocantins, Wanderlei Barbosa, se reuniu nesta quarta-feira, 6, na vice-governadoria, com a Secret\u00e1ria da Infraestrutura (Seinf), Juliana Passarim, para discutir a implanta\u00e7\u00e3o do projeto automotivo denominado inicialmente Shopping do Autom\u00f3vel. O projeto \u00e9 de iniciativa dos empres\u00e1rios do setor automotivo, conduzido pela Associa\u00e7\u00e3o Comercial e Empresarial de Palmas (Acipa) e Federa\u00e7\u00e3o das [&hellip;]<\/p>\n","protected":false},"author":2,"featured_media":4289,"comment_status":"open","ping_status":"open","sticky":false,"template":"","format":"standard","meta":[],"categories":[4],"tags":[],"_links":{"self":[{"href":"https:\/\/dgospel.com.br\/portal\/index.php\/wp-json\/wp\/v2\/posts\/4288"}],"collection":[{"href":"https:\/\/dgospel.com.br\/portal\/index.php\/wp-json\/wp\/v2\/posts"}],"about":[{"href":"https:\/\/dgospel.com.br\/portal\/index.php\/wp-json\/wp\/v2\/types\/post"}],"author":[{"embeddable":true,"href":"https:\/\/dgospel.com.br\/portal\/index.php\/wp-json\/wp\/v2\/users\/2"}],"replies":[{"embeddable":true,"href":"https:\/\/dgospel.com.br\/portal\/index.php\/wp-json\/wp\/v2\/comments?post=4288"}],"version-history":[{"count":1,"href":"https:\/\/dgospel.com.br\/portal\/index.php\/wp-json\/wp\/v2\/posts\/4288\/revisions"}],"predecessor-version":[{"id":4290,"href":"https:\/\/dgospel.com.br\/portal\/index.php\/wp-json\/wp\/v2\/posts\/4288\/revisions\/4290"}],"wp:featuredmedia":[{"embeddable":true,"href":"https:\/\/dgospel.com.br\/portal\/index.php\/wp-json\/wp\/v2\/media\/4289"}],"wp:attachment":[{"href":"https:\/\/dgospel.com.br\/portal\/index.php\/wp-json\/wp\/v2\/media?parent=4288"}],"wp:term":[{"taxonomy":"category","embeddable":true,"href":"https:\/\/dgospel.com.br\/portal\/index.php\/wp-json\/wp\/v2\/categories?post=4288"},{"taxonomy":"post_tag","embeddable":true,"href":"https:\/\/dgospel.com.br\/portal\/index.php\/wp-json\/wp\/v2\/tags?post=4288"}],"curies":[{"name":"wp","href":"https:\/\/api.w.org\/{rel}","templated":true}]}}