{"id":4294,"date":"2019-11-08T10:26:16","date_gmt":"2019-11-08T12:26:16","guid":{"rendered":"http:\/\/dgospel.com.br\/portal\/?p=4294"},"modified":"2019-11-08T10:26:18","modified_gmt":"2019-11-08T12:26:18","slug":"presidente-bolsonaro-confirma-a-governador-carlesse-vinda-a-palmas-para-assinatura-de-contratos-com-a-caixa-no-dia-28","status":"publish","type":"post","link":"https:\/\/dgospel.com.br\/portal\/index.php\/2019\/11\/08\/presidente-bolsonaro-confirma-a-governador-carlesse-vinda-a-palmas-para-assinatura-de-contratos-com-a-caixa-no-dia-28\/","title":{"rendered":"Presidente Bolsonaro confirma a governador Carlesse vinda a Palmas para assinatura de contratos com a Caixa no dia 28"},"content":{"rendered":"\n<p>O presidente da Rep\u00fablica, Jair Bolsonaro, confirmou presen\u00e7a na solenidade de assinatura dos dois contratos de financiamentos do Governo do Tocantins com a Caixa Econ\u00f4mica Federal, no pr\u00f3ximo dia 28 de novembro, em Palmas. A confirma\u00e7\u00e3o da presen\u00e7a foi dada ao pr\u00f3prio governador Mauro Carlesse, nesta quinta-feira, 7, depois de ser recebido pelo presidente no Pal\u00e1cio do Planalto. Na oportunidade o governador Carlesse estava acompanhado do l\u00edder do Governo no Senado, Eduardo Gomes, e do vice-l\u00edder do Governo na C\u00e2mara, deputado federal Carlos Gaguim.<\/p>\n\n\n\n<p>Bastante descontra\u00eddo, o presidente Jair Bolsonaro agradeceu o convite e falou da satisfa\u00e7\u00e3o em participar do evento. \u201cE uma satisfa\u00e7\u00e3o e um orgulho estar em Palmas neste momento em que ser\u00e1 celebrado um contrato que vai ser muito bom para todo o Estado\u201d, frisou.&nbsp;<\/p>\n\n\n\n<p>O governador Mauro Carlesse disse que fez quest\u00e3o de fazer o convite pessoalmente ao presidente Bolsonaro para o momento que vai marcar a hist\u00f3ria do Tocantins. \u201cFiz quest\u00e3o de vir aqui porque ele \u00e9 importante para o Tocantins e n\u00e3o poderia faltar nesse momento\u201d, disse.<\/p>\n\n\n\n<p>Tamb\u00e9m devem participar do evento a bancada federal do Estado, al\u00e9m do presidente do Senado, Davi Alcolumbre, e do presidente da Caixa, Pedro Duarte Guimar\u00e3es.<\/p>\n\n\n\n<p><strong>Obras<\/strong><\/p>\n\n\n\n<p>A contrata\u00e7\u00e3o destes financiamentos j\u00e1 vinha sendo trabalhada pelo Governo do Estado desde a posse da atual administra\u00e7\u00e3o e s\u00f3 foi poss\u00edvel devido ao enquadramento do Tocantins na Lei de Responsabilidade Fiscal.<\/p>\n\n\n\n<p>Al\u00e9m das obras de infraestrutura nos 139 munic\u00edpios, ser\u00e3o contemplados no contrato de R$ 453 milh\u00f5es, a constru\u00e7\u00e3o do Hospital Geral de Gurupi; a pavimenta\u00e7\u00e3o das rodovias ligando Gurupi ao Trevo da Praia (TO-365); pavimenta\u00e7\u00e3o da rodovia ligando Lagoa da Confus\u00e3o \u00e0 Barreira da Cruz (TO-225); a duplica\u00e7\u00e3o da rodovia ligando Aragua\u00edna ao Novo Horizonte; a pavimenta\u00e7\u00e3o da TO-243 ligando Aragua\u00edna ao povoado Mato Verde; reforma do Gin\u00e1sio Erc\u00edlio Bezerra, em Para\u00edso do Tocantins, e do Est\u00e1dio Castanheir\u00e3o, em Miracema; e ainda, a viabiliza\u00e7\u00e3o de obras como a constru\u00e7\u00e3o de unidades habitacionais, e complementa\u00e7\u00e3o de obras do programa Pr\u00f3-Transporte.<\/p>\n\n\n\n<p>J\u00e1 o contrato de R$ 130 milh\u00f5es, contempla a constru\u00e7\u00e3o da nova ponte de Porto Nacional.<\/p>\n","protected":false},"excerpt":{"rendered":"<p>O presidente da Rep\u00fablica, Jair Bolsonaro, confirmou presen\u00e7a na solenidade de assinatura dos dois contratos de financiamentos do Governo do Tocantins com a Caixa Econ\u00f4mica Federal, no pr\u00f3ximo dia 28 de novembro, em Palmas. A confirma\u00e7\u00e3o da presen\u00e7a foi dada ao pr\u00f3prio governador Mauro Carlesse, nesta quinta-feira, 7, depois de ser recebido pelo presidente no [&hellip;]<\/p>\n","protected":false},"author":2,"featured_media":4295,"comment_status":"open","ping_status":"open","sticky":false,"template":"","format":"standard","meta":[],"categories":[4],"tags":[],"_links":{"self":[{"href":"https:\/\/dgospel.com.br\/portal\/index.php\/wp-json\/wp\/v2\/posts\/4294"}],"collection":[{"href":"https:\/\/dgospel.com.br\/portal\/index.php\/wp-json\/wp\/v2\/posts"}],"about":[{"href":"https:\/\/dgospel.com.br\/portal\/index.php\/wp-json\/wp\/v2\/types\/post"}],"author":[{"embeddable":true,"href":"https:\/\/dgospel.com.br\/portal\/index.php\/wp-json\/wp\/v2\/users\/2"}],"replies":[{"embeddable":true,"href":"https:\/\/dgospel.com.br\/portal\/index.php\/wp-json\/wp\/v2\/comments?post=4294"}],"version-history":[{"count":1,"href":"https:\/\/dgospel.com.br\/portal\/index.php\/wp-json\/wp\/v2\/posts\/4294\/revisions"}],"predecessor-version":[{"id":4296,"href":"https:\/\/dgospel.com.br\/portal\/index.php\/wp-json\/wp\/v2\/posts\/4294\/revisions\/4296"}],"wp:featuredmedia":[{"embeddable":true,"href":"https:\/\/dgospel.com.br\/portal\/index.php\/wp-json\/wp\/v2\/media\/4295"}],"wp:attachment":[{"href":"https:\/\/dgospel.com.br\/portal\/index.php\/wp-json\/wp\/v2\/media?parent=4294"}],"wp:term":[{"taxonomy":"category","embeddable":true,"href":"https:\/\/dgospel.com.br\/portal\/index.php\/wp-json\/wp\/v2\/categories?post=4294"},{"taxonomy":"post_tag","embeddable":true,"href":"https:\/\/dgospel.com.br\/portal\/index.php\/wp-json\/wp\/v2\/tags?post=4294"}],"curies":[{"name":"wp","href":"https:\/\/api.w.org\/{rel}","templated":true}]}}