{"id":4297,"date":"2019-11-08T10:28:17","date_gmt":"2019-11-08T12:28:17","guid":{"rendered":"http:\/\/dgospel.com.br\/portal\/?p=4297"},"modified":"2019-11-08T10:28:18","modified_gmt":"2019-11-08T12:28:18","slug":"policiais-empregados-na-operacao-horus-divisa-recebem-homenagens-no-quartel-da-pm-em-palmas","status":"publish","type":"post","link":"https:\/\/dgospel.com.br\/portal\/index.php\/2019\/11\/08\/policiais-empregados-na-operacao-horus-divisa-recebem-homenagens-no-quartel-da-pm-em-palmas\/","title":{"rendered":"Policiais empregados na Opera\u00e7\u00e3o H\u00f3rus Divisa recebem homenagens no Quartel da PM em Palmas"},"content":{"rendered":"\n<p>As equipes de policiais empregados na Opera\u00e7\u00e3o H\u00f3rus Divisa, que ficaram 15 dias em incurs\u00f5es na zona rural da regi\u00e3o de Pequizeiro, foram recepcionadas com honra no p\u00e1tio do Quartel do Comando Geral da Pol\u00edcia Militar, em Palmas, nesta quinta-feira, 7. O comandante geral da PM, coronel Jaizon Veras Barbosa, o vice-governador, Wanderlei Barbosa, os deputados estaduais, Luana Ribeiro, Olyntho Neto&nbsp;e Cleiton Cardoso, secret\u00e1rios de Estado, vereadores e outras autoridades estaduais civis e militares&nbsp;prestigiaram o retorno dos policiais.<\/p>\n\n\n\n<p>Na ocasi\u00e3o, autoridades, familiares, amigos e colegas de trabalho estiverem presentes para recepcionar os nobres policiais. Luciana Pinheiro de Moraes Rodrigues e Nara N\u00fabia Lima Castro, esposas de policiais militares que participaram da opera\u00e7\u00e3o, estavam emocionadas e agradecidas pelo fim da opera\u00e7\u00e3o.<\/p>\n\n\n\n<p>Para Luciana, \u201cn\u00e3o foram dias f\u00e1cies, mas esperamos em Deus e hoje ganhamos nossa recompensa com a volta de nossos maridos\u201d. J\u00e1 Nara N\u00fabia disse que, \u201cjunto ao sentimento de alegria tamb\u00e9m temos o de tristeza, pois infelizmente perdemos um policial, um marido, um pai, um amigo que saiu de sua casa, deixou seu lar para nos defender e n\u00e3o voltou mais, mas sabemos que ele honrou a institui\u00e7\u00e3o que ele tanto defendeu e isso \u00e9 motivo de orgulho para n\u00f3s\u201d.<\/p>\n\n\n\n<p>Num momento de f\u00e9, o padre S\u00e9rgio de Sousa Ramos discorreu sobre a gratid\u00e3o a Deus pelo sucesso da opera\u00e7\u00e3o, pelo retorno dos policiais e fez uma prece pelo sargento Am\u00e9rico Gama, morto em combate, \u201cque pela miseric\u00f3rdia e bondade de Deus, ele repouse em paz e que o Esp\u00edrito Santo conforte familiares e amigos\u201d, orou o padre da Capelania Militar.<\/p>\n\n\n\n<p>Em sua fala o comandante da PM, coronel Jaizon, disse que, \u201cagradecemos a Deus que esses honrados homens est\u00e3o de volta ao conv\u00edvio e ao aconchego de seus lares, ap\u00f3s exaustivos dias na mata, com alimenta\u00e7\u00e3o escassa e fatores adversos. Mas, que em nenhum momento vi des\u00e2nimo no semblante dos senhores. A parceria das for\u00e7as de seguran\u00e7a estaduais e das de outros estados foi essencial para o \u00eaxito da miss\u00e3o. Estamos sempre combatendo o crime em todas as suas modalidades, no Tocantins bandido n\u00e3o se cria e muito menos cresce. E prova disso, foi \u00e0 desarticula\u00e7\u00e3o dessa organiza\u00e7\u00e3o criminosa. Infelizmente, tivemos a morte do sargento Am\u00e9rico Gama, mas seus colegas trouxeram o conforto para sua fam\u00edlia nesse momento t\u00e3o doloroso\u201d, disse emocionado.&nbsp;<\/p>\n\n\n\n<p>O vice-governador Wanderlei Barbosa agradeceu o apoio de todas as for\u00e7as de seguran\u00e7a envolvidas e o Minist\u00e9rio da Justi\u00e7a, destacando que, \u201cfoi um \u00e1rduo trabalho no combate \u00e0 criminalidade e de prote\u00e7\u00e3o da sociedade, no qual tivemos a morte de um honrado pai de fam\u00edlia em combate, mas tamb\u00e9m tivemos homens que lutaram at\u00e9 o fim, criando um pavilh\u00e3o de defesa contra esses criminosos que vieram de outro estado. Voc\u00eas s\u00e3o um orgulho\u201d.<\/p>\n\n\n\n<p><strong>Opera\u00e7\u00e3o Integrada<\/strong><\/p>\n\n\n\n<p>Durante a Opera\u00e7\u00e3o H\u00f3rus Divisa foram mobilizados cerca de 200 policiais, tr\u00eas helic\u00f3pteros e 60 viaturas, em 15 dias de atua\u00e7\u00e3o. A opera\u00e7\u00e3o contou com o apoio da Pol\u00edcia Civil do Tocantins, Pol\u00edcia Federal, Pol\u00edcia Rodovi\u00e1ria Federal, al\u00e9m da Secretaria de Seguran\u00e7a P\u00fablica do Par\u00e1 e Casa Militar de Goi\u00e1s, estas \u00faltimas tendo apoiado com helic\u00f3pteros.<\/p>\n\n\n\n<p>O Minist\u00e9rio da Justi\u00e7a e Seguran\u00e7a P\u00fablica considerou a integra\u00e7\u00e3o de v\u00e1rios estados e a atua\u00e7\u00e3o interestadual do bando criminoso para decidir apoiar a Opera\u00e7\u00e3o no quesito log\u00edstica, atrav\u00e9s da Secretaria de Opera\u00e7\u00f5es Integrada. Esta \u00e9 considerada a maior opera\u00e7\u00e3o policial na busca de criminosos em ambiente rural j\u00e1 realizada no Tocantins.<\/p>\n\n\n\n<p><strong>Entenda o caso<\/strong><\/p>\n\n\n\n<p>No \u00faltimo dia 24 de outubro ocorreu uma tentativa de assalto a um carro forte na estrada vicinal sa\u00edda para Araguacema. O ve\u00edculo fazia o transporte de valores de Araguacema para Pequizeiro, quando foram surpreendidos por uma camionete ocupada com cinco indiv\u00edduos encapuzados que efetuaram disparos de arma de fogo, para revidar a injusta agress\u00e3o os ocupantes do carro forte tamb\u00e9m efetuaram disparos de arma de fogo, momento que o motorista da camionete perdeu o controle e bateu. Os criminosos fugiram em dire\u00e7\u00e3o a mata e o carro forte seguiu caminho. A PM foi acionada e iniciou incurs\u00f5es na mata em busca dos autores.<\/p>\n\n\n\n<p>Na manh\u00e3 do dia 31, durante o 1\u00ba confronto dos policiais com os foragidos, dois criminosos vieram a \u00f3bito. No in\u00edcio da tarde de 1\u00ba de novembro novamente em confronto com os policiais, mais dois foragidos vieram a \u00f3bito no local e infelizmente um policial militar ap\u00f3s ser atingido, quando chegou ao hospital de Araguacema, faleceu. E o terceiro confronto com os foragidos, que aconteceu na noite desta quarta-feira, 06, culminou na morte de mais dois foragidos, totalizando seis criminosos localizados.<\/p>\n\n\n\n<p>Durante toda a opera\u00e7\u00e3o foram encontrados em poder da quadrilha: dois fuzis (calibre 5,56), um fuzil modelo AK 47 (calibre 7,62), duas pistolas calibre 40, um rev\u00f3lver calibre 38, e aproximadamente 500 muni\u00e7\u00f5es de v\u00e1rios calibres.<\/p>\n","protected":false},"excerpt":{"rendered":"<p>As equipes de policiais empregados na Opera\u00e7\u00e3o H\u00f3rus Divisa, que ficaram 15 dias em incurs\u00f5es na zona rural da regi\u00e3o de Pequizeiro, foram recepcionadas com honra no p\u00e1tio do Quartel do Comando Geral da Pol\u00edcia Militar, em Palmas, nesta quinta-feira, 7. O comandante geral da PM, coronel Jaizon Veras Barbosa, o vice-governador, Wanderlei Barbosa, os [&hellip;]<\/p>\n","protected":false},"author":2,"featured_media":4298,"comment_status":"open","ping_status":"open","sticky":false,"template":"","format":"standard","meta":[],"categories":[3],"tags":[],"_links":{"self":[{"href":"https:\/\/dgospel.com.br\/portal\/index.php\/wp-json\/wp\/v2\/posts\/4297"}],"collection":[{"href":"https:\/\/dgospel.com.br\/portal\/index.php\/wp-json\/wp\/v2\/posts"}],"about":[{"href":"https:\/\/dgospel.com.br\/portal\/index.php\/wp-json\/wp\/v2\/types\/post"}],"author":[{"embeddable":true,"href":"https:\/\/dgospel.com.br\/portal\/index.php\/wp-json\/wp\/v2\/users\/2"}],"replies":[{"embeddable":true,"href":"https:\/\/dgospel.com.br\/portal\/index.php\/wp-json\/wp\/v2\/comments?post=4297"}],"version-history":[{"count":1,"href":"https:\/\/dgospel.com.br\/portal\/index.php\/wp-json\/wp\/v2\/posts\/4297\/revisions"}],"predecessor-version":[{"id":4299,"href":"https:\/\/dgospel.com.br\/portal\/index.php\/wp-json\/wp\/v2\/posts\/4297\/revisions\/4299"}],"wp:featuredmedia":[{"embeddable":true,"href":"https:\/\/dgospel.com.br\/portal\/index.php\/wp-json\/wp\/v2\/media\/4298"}],"wp:attachment":[{"href":"https:\/\/dgospel.com.br\/portal\/index.php\/wp-json\/wp\/v2\/media?parent=4297"}],"wp:term":[{"taxonomy":"category","embeddable":true,"href":"https:\/\/dgospel.com.br\/portal\/index.php\/wp-json\/wp\/v2\/categories?post=4297"},{"taxonomy":"post_tag","embeddable":true,"href":"https:\/\/dgospel.com.br\/portal\/index.php\/wp-json\/wp\/v2\/tags?post=4297"}],"curies":[{"name":"wp","href":"https:\/\/api.w.org\/{rel}","templated":true}]}}