{"id":4307,"date":"2019-11-09T11:47:34","date_gmt":"2019-11-09T13:47:34","guid":{"rendered":"http:\/\/dgospel.com.br\/portal\/?p=4307"},"modified":"2019-11-09T11:47:36","modified_gmt":"2019-11-09T13:47:36","slug":"governador-carlesse-cumpre-agenda-em-portugal-visando-atrair-investimentos-para-o-tocantins","status":"publish","type":"post","link":"https:\/\/dgospel.com.br\/portal\/index.php\/2019\/11\/09\/governador-carlesse-cumpre-agenda-em-portugal-visando-atrair-investimentos-para-o-tocantins\/","title":{"rendered":"Governador Carlesse cumpre agenda em Portugal visando atrair investimentos para o Tocantins"},"content":{"rendered":"\n<p>O governador do Estado do Tocantins, Mauro Carlesse, embarca neste domingo, 10, para Portugal onde cumpre agenda de trabalho na segunda e ter\u00e7a-feira, 11 e 12, em Lisboa. O objetivo da miss\u00e3o tocantinense \u00e9 estreitar as rela\u00e7\u00f5es comerciais com os portugueses, visitar empresas e atrair investimentos para o Tocantins. Acompanham o Governador, os secret\u00e1rios de Estado da Fazenda e Or\u00e7amento, Sandro Henrique Armando, e de Parcerias P\u00fablico Privadas, Claudinei Quaresemim.<\/p>\n\n\n\n<p>Um dos principais compromissos da agenda do Governador ser\u00e1 na sede da Daymon, onde o Chefe do Poder Executivo e a comitiva do Governo do Tocantins v\u00e3o discutir e explorar o potencial de neg\u00f3cios de marcas e produtos para exporta\u00e7\u00e3o. A Daymon \u00e9 refer\u00eancia mundial no desenvolvimento de marca pr\u00f3pria, com presen\u00e7a em mais de 50 mercados e atende mais de 100 varejistas. A empresa auxilia em todos os aspectos de desenvolvimento de marca pr\u00f3pria, da constru\u00e7\u00e3o da estrat\u00e9gia, \u00e0 execu\u00e7\u00e3o at\u00e9 a intera\u00e7\u00e3o com o consumidor.<\/p>\n\n\n\n<p>O governador Mauro Carlesse tamb\u00e9m foi convidado a visitar a sede da empresa \u00c1guas de Portugal. O objetivo \u00e9 conhecer o trabalho da empresa no que diz respeito aos dom\u00ednios da \u00e1gua e do saneamento. A empresa \u00e9 uma sociedade gestora de participa\u00e7\u00f5es sociais, que tem por miss\u00e3o conceber, construir, explorar e gerir sistemas de abastecimento de \u00e1gua e de saneamento de \u00e1guas residuais, com foco na sustentabilidade econ\u00f4mica, financeira, t\u00e9cnica, social e ambiental.<\/p>\n","protected":false},"excerpt":{"rendered":"<p>O governador do Estado do Tocantins, Mauro Carlesse, embarca neste domingo, 10, para Portugal onde cumpre agenda de trabalho na segunda e ter\u00e7a-feira, 11 e 12, em Lisboa. O objetivo da miss\u00e3o tocantinense \u00e9 estreitar as rela\u00e7\u00f5es comerciais com os portugueses, visitar empresas e atrair investimentos para o Tocantins. Acompanham o Governador, os secret\u00e1rios de [&hellip;]<\/p>\n","protected":false},"author":2,"featured_media":4308,"comment_status":"open","ping_status":"open","sticky":false,"template":"","format":"standard","meta":[],"categories":[4],"tags":[],"_links":{"self":[{"href":"https:\/\/dgospel.com.br\/portal\/index.php\/wp-json\/wp\/v2\/posts\/4307"}],"collection":[{"href":"https:\/\/dgospel.com.br\/portal\/index.php\/wp-json\/wp\/v2\/posts"}],"about":[{"href":"https:\/\/dgospel.com.br\/portal\/index.php\/wp-json\/wp\/v2\/types\/post"}],"author":[{"embeddable":true,"href":"https:\/\/dgospel.com.br\/portal\/index.php\/wp-json\/wp\/v2\/users\/2"}],"replies":[{"embeddable":true,"href":"https:\/\/dgospel.com.br\/portal\/index.php\/wp-json\/wp\/v2\/comments?post=4307"}],"version-history":[{"count":1,"href":"https:\/\/dgospel.com.br\/portal\/index.php\/wp-json\/wp\/v2\/posts\/4307\/revisions"}],"predecessor-version":[{"id":4309,"href":"https:\/\/dgospel.com.br\/portal\/index.php\/wp-json\/wp\/v2\/posts\/4307\/revisions\/4309"}],"wp:featuredmedia":[{"embeddable":true,"href":"https:\/\/dgospel.com.br\/portal\/index.php\/wp-json\/wp\/v2\/media\/4308"}],"wp:attachment":[{"href":"https:\/\/dgospel.com.br\/portal\/index.php\/wp-json\/wp\/v2\/media?parent=4307"}],"wp:term":[{"taxonomy":"category","embeddable":true,"href":"https:\/\/dgospel.com.br\/portal\/index.php\/wp-json\/wp\/v2\/categories?post=4307"},{"taxonomy":"post_tag","embeddable":true,"href":"https:\/\/dgospel.com.br\/portal\/index.php\/wp-json\/wp\/v2\/tags?post=4307"}],"curies":[{"name":"wp","href":"https:\/\/api.w.org\/{rel}","templated":true}]}}