{"id":431,"date":"2018-06-04T01:01:28","date_gmt":"2018-06-04T04:01:28","guid":{"rendered":"http:\/\/dgospel.com.br\/portal\/?p=431"},"modified":"2018-06-04T01:01:28","modified_gmt":"2018-06-04T04:01:28","slug":"mauro-carlesse-e-vicentinho-alves-vao-disputar-o-governo-do-tocantins-no-segundo-turno","status":"publish","type":"post","link":"https:\/\/dgospel.com.br\/portal\/index.php\/2018\/06\/04\/mauro-carlesse-e-vicentinho-alves-vao-disputar-o-governo-do-tocantins-no-segundo-turno\/","title":{"rendered":"Mauro Carlesse e Vicentinho Alves v\u00e3o disputar o governo do Tocantins no segundo turno"},"content":{"rendered":"<p>O segundo turno da elei\u00e7\u00e3o suplementar para governador do Tocantins ser\u00e1 entre Mauro Carlesse (PHS) e Vicentinho Alves (PR). Carlesse ficou em primeiro lugar com 30% dos votos v\u00e1lidos e Vicentinho teve 22%.<\/p>\n<p style=\"font-style: inherit; font-weight: inherit;\" data-track-category=\"Link no Texto\" data-track-links=\"\">O segundo turno ser\u00e1 no dia 24 de junho. Os candidatos podem retomar as campanhas a partir desta segunda-feira (4). S\u00e3o permitidos com\u00edcios, carreatas, caminhadas, carros de som e distribui\u00e7\u00e3o de santinhos.<\/p>\n<p style=\"font-style: inherit; font-weight: inherit;\" data-track-category=\"Link no Texto\" data-track-links=\"\">A elei\u00e7\u00e3o suplementar foi convocada ap\u00f3s a cassa\u00e7\u00e3o do ex-governador Marcelo Miranda (MDB) e da vice dele, Cl\u00e1udia Lelis (PV). Os dois foram considerados culpados por capta\u00e7\u00e3o ilegal de recursos para a campanha eleitoral de 2014 pelo Tribunal Superior Eleitoral.<\/p>\n<p style=\"font-style: inherit; font-weight: inherit;\" data-track-category=\"Link no Texto\" data-track-links=\"\">O vencedor da elei\u00e7\u00e3o suplementar vai ficar no cargo at\u00e9 31 de dezembro e pode concorrer \u00e0 reelei\u00e7\u00e3o em outubro.<\/p>\n<h2>Calend\u00e1rio Segundo turno<\/h2>\n<ul>\n<li style=\"font-style: inherit; font-weight: inherit;\"><strong style=\"font-style: inherit;\">8 de junho:<\/strong>Inicia a propaganda eleitoral gratuita no r\u00e1dio e televis\u00e3o;<\/li>\n<li><strong style=\"font-style: inherit;\">21 de junho:<\/strong>\u00daltimo dia para propaganda por meio de reuni\u00f5es p\u00fablicas ou com\u00edcios;<\/li>\n<li><strong style=\"font-style: inherit;\">22 de junho:<\/strong>Termina a propaganda eleitoral gratuita no r\u00e1dio e televis\u00e3o, em caso de segundo turno. \u00c9 tamb\u00e9m o prazo final para os candidatos divulgarem propaganda paga em imprensa escrita.<\/li>\n<li><strong style=\"font-style: inherit;\">23 de junho:<\/strong>Encerra o prazo para propaganda eleitoral, caminhadas, passeatas, distribui\u00e7\u00e3o de materiais, em caso de segundo turno;<\/li>\n<li><strong style=\"font-style: inherit;\">24 de junho:<\/strong>Dia da elei\u00e7\u00e3o, realizada das 8h \u00e0s 17h;<\/li>\n<li><strong style=\"font-style: inherit;\">6 de julho:<\/strong>\u00daltimo dia para a Justi\u00e7a Eleitoral julgar as contas do candidato eleito em segundo turno;<\/li>\n<li><strong style=\"font-style: inherit;\">9 de julho:<\/strong>Fim do prazo para a diploma\u00e7\u00e3o dos candidatos eleitos, em caso de segundo turno;<\/li>\n<\/ul>\n<p>&nbsp;<\/p>\n<h2>Rea\u00e7\u00e3o dos candidatos<\/h2>\n<p style=\"font-style: inherit; font-weight: inherit;\">O governador interino, Mauro Carlesse, acompanhou a apura\u00e7\u00e3o em Gurupi. &#8220;Eu fico muito satisfeito de estar no segundo turno e n\u00f3s vamos trabalhar. Vamos juntar todo mundo e ganhar tamb\u00e9m este segundo turno, com f\u00e9 em Deus. E que a popula\u00e7\u00e3o, pela estabilidade do estado, continue esse governo que est\u00e1 dando certo&#8221;, disse ele ap\u00f3s saber do resultado.<\/p>\n<p>J\u00e1 o senador Vicentinho Alves (PR) acompanhou a contagem da casa dele em Porto Nacional. &#8220;Primeiro agradecer a Deus e a todos que me confiaram. Os l\u00edderes pol\u00edticos, o povo. Foi um segundo lugar muito bem trabalhado por n\u00f3s. Uma campanha muito r\u00e1pida para poder chegar com essa vota\u00e7\u00e3o expressiva. Registro os meus agradecimentos&#8221;, comentou ele.<\/p>\n<h2>Votos anulados<\/h2>\n<p style=\"font-style: inherit; font-weight: inherit;\">Os votos de M\u00e1rio L\u00facio Avelar (PSOL) n\u00e3o foram computados pelo Tribunal Regional Eleitoral (TRE). A candidatura dele est\u00e1 sendo questionada na Justi\u00e7a Eleitoral em fun\u00e7\u00e3o de ele ter deixado o cargo de procurador da rep\u00fablica ap\u00f3s o prazo previsto no regulamento para as elei\u00e7\u00f5es.<\/p>\n<h2 style=\"font-style: inherit; font-weight: inherit;\">Disputa apertada<\/h2>\n<p style=\"font-style: inherit; font-weight: inherit;\">A disputa pelo segundo lugar foi voto a voto entre Vicentinho Alves (PR) e o ex-prefeito de Palmas, Carlos Amastha (PSB). Amastha assumiu a derrota no Twitter antes do fim da apura\u00e7\u00e3o, quando o TRE tinha contabilizado 99% das urnas.<\/p>\n<h2>Ocorr\u00eancias durante a vota\u00e7\u00e3o<\/h2>\n<p style=\"font-style: inherit; font-weight: inherit;\">Durante a elei\u00e7\u00e3o suplementar, 18 pessoas foram presas em todo o estado. As pris\u00f5es foram nas cidades de Alvorada, Carrasco Bonito, Natividade, Dois Irm\u00e3os, Tupirama, Pium, Palmas, Para\u00edso do Tocantins, Arraias, Cristal\u00e2ndia, Luzin\u00f3polis, Aparecida do Rio Negro, Xambio\u00e1, Aragua\u00edna, Figueir\u00f3polis e Miranorte. V\u00e1rios pol\u00edticos est\u00e3o envolvidos nas ocorr\u00eancias. Entre os suspeitos h\u00e1 quatro vice-prefeitos e dois vereadores.<\/p>\n<p style=\"font-style: inherit; font-weight: inherit;\" data-track-category=\"Link no Texto\" data-track-links=\"\">Os casos s\u00e3o de transporte ilegal de eleitores, compra de votos e propaganda irregular no dia da elei\u00e7\u00e3o, conhecida como &#8216;boca de urna&#8217;.<\/p>\n<h2 style=\"font-style: inherit; font-weight: inherit;\">Custo da elei\u00e7\u00e3o<\/h2>\n<p style=\"font-style: inherit; font-weight: inherit;\">O Tribunal Regional Eleitoral estima que a organiza\u00e7\u00e3o da elei\u00e7\u00e3o fora de \u00e9poca tenha custado R$ 15 milh\u00f5es aos contribuintes. Al\u00e9m da log\u00edstica para a distribui\u00e7\u00e3o das urnas eletr\u00f4nicas tamb\u00e9m foi necess\u00e1rio criar um esquema especial de seguran\u00e7a, com a vinda de militares de outros estados. Mais de 18 mil volunt\u00e1rios participaram do primeiro turno como mes\u00e1rios.<\/p>\n<h2 style=\"font-style: inherit; font-weight: inherit;\">T\u00edtulo digital<\/h2>\n<p style=\"font-style: inherit; font-weight: inherit;\">Esta elei\u00e7\u00e3o tamb\u00e9m teve uma novidade. Foi a primeira vez que os Tocantinenses votaram utilizando o aplicativo e-T\u00edtulo. Quem fez o recadastramento biom\u00e9trico acessou a urna utilizando o celular e n\u00e3o precisou apresentar nenhum outro documento. N\u00e3o houve registro de filas ou transtornos em fun\u00e7\u00e3o da nova tecnologia. Em todo o estado o movimento foi tranquilo nas se\u00e7\u00f5es eleitorais.<\/p>\n<p>&nbsp;<\/p>\n<p>Fonte: G1<\/p>\n","protected":false},"excerpt":{"rendered":"<p>O segundo turno da elei\u00e7\u00e3o suplementar para governador do Tocantins ser\u00e1 entre Mauro Carlesse (PHS) e Vicentinho Alves (PR). Carlesse ficou em primeiro lugar com 30% dos votos v\u00e1lidos e Vicentinho teve 22%. O segundo turno ser\u00e1 no dia 24 de junho. Os candidatos podem retomar as campanhas a partir desta segunda-feira (4). S\u00e3o permitidos [&hellip;]<\/p>\n","protected":false},"author":2,"featured_media":432,"comment_status":"open","ping_status":"open","sticky":false,"template":"","format":"standard","meta":[],"categories":[2,4],"tags":[],"_links":{"self":[{"href":"https:\/\/dgospel.com.br\/portal\/index.php\/wp-json\/wp\/v2\/posts\/431"}],"collection":[{"href":"https:\/\/dgospel.com.br\/portal\/index.php\/wp-json\/wp\/v2\/posts"}],"about":[{"href":"https:\/\/dgospel.com.br\/portal\/index.php\/wp-json\/wp\/v2\/types\/post"}],"author":[{"embeddable":true,"href":"https:\/\/dgospel.com.br\/portal\/index.php\/wp-json\/wp\/v2\/users\/2"}],"replies":[{"embeddable":true,"href":"https:\/\/dgospel.com.br\/portal\/index.php\/wp-json\/wp\/v2\/comments?post=431"}],"version-history":[{"count":1,"href":"https:\/\/dgospel.com.br\/portal\/index.php\/wp-json\/wp\/v2\/posts\/431\/revisions"}],"predecessor-version":[{"id":433,"href":"https:\/\/dgospel.com.br\/portal\/index.php\/wp-json\/wp\/v2\/posts\/431\/revisions\/433"}],"wp:featuredmedia":[{"embeddable":true,"href":"https:\/\/dgospel.com.br\/portal\/index.php\/wp-json\/wp\/v2\/media\/432"}],"wp:attachment":[{"href":"https:\/\/dgospel.com.br\/portal\/index.php\/wp-json\/wp\/v2\/media?parent=431"}],"wp:term":[{"taxonomy":"category","embeddable":true,"href":"https:\/\/dgospel.com.br\/portal\/index.php\/wp-json\/wp\/v2\/categories?post=431"},{"taxonomy":"post_tag","embeddable":true,"href":"https:\/\/dgospel.com.br\/portal\/index.php\/wp-json\/wp\/v2\/tags?post=431"}],"curies":[{"name":"wp","href":"https:\/\/api.w.org\/{rel}","templated":true}]}}