{"id":4316,"date":"2019-11-12T11:54:06","date_gmt":"2019-11-12T13:54:06","guid":{"rendered":"http:\/\/dgospel.com.br\/portal\/?p=4316"},"modified":"2019-11-12T11:54:08","modified_gmt":"2019-11-12T13:54:08","slug":"governo-do-estado-prossegue-com-ajustes-e-parcela-debitos-com-igeprev","status":"publish","type":"post","link":"https:\/\/dgospel.com.br\/portal\/index.php\/2019\/11\/12\/governo-do-estado-prossegue-com-ajustes-e-parcela-debitos-com-igeprev\/","title":{"rendered":"Governo do Estado prossegue com ajustes e parcela d\u00e9bitos com Igeprev"},"content":{"rendered":"\n<p>O Governo do Estado do Tocantins publica nesta segunda-feira, 11, Medida Provis\u00f3ria que autoriza o parcelamento e o reparcelamento dos d\u00e9bitos do Estado do Tocantins com o Regime Pr\u00f3prio de Previd\u00eancia Social (RPPS), gerido pelo Instituto de Gest\u00e3o Previdenci\u00e1ria do Estado do Tocantins (Igreprev), em at\u00e9 200 presta\u00e7\u00f5es mensais consecutivas. A Medida Provis\u00f3ria ser\u00e1 publicada no Di\u00e1rio Oficial do Estado (DOE) desta segunda-feira.<\/p>\n\n\n\n<p>Segundo a equipe econ\u00f4mica do Governo, o ato se apresenta como alternativa vi\u00e1vel para a quita\u00e7\u00e3o dos d\u00e9bitos previdenci\u00e1rios do Estado, acumulados desde a gest\u00e3o anterior, sem que haja comprometimento da capacidade de pagamento e&nbsp;dos servi\u00e7os essenciais \u00e0 sociedade, caso seja aplicado o parcelamento convencional.<\/p>\n\n\n\n<p>Conforme a equipe t\u00e9cnica, esse parcelamento est\u00e1 sendo discutido e avaliado pela Secretaria de Gest\u00e3o Previd\u00eancia, e ser\u00e1 parte do acordo a ser efetuado na C\u00e2mara de Concilia\u00e7\u00e3o e Arbitragem da Administra\u00e7\u00e3o Federal (CCAF), da Advocacia Geral da Uni\u00e3o, ou seja, tudo de acordo com as regras vigentes.<\/p>\n\n\n\n<p>Ap\u00f3s essa e uma s\u00e9rie de outras medidas que est\u00e3o sendo adotadas pelo Governo do Estado e pelo pr\u00f3prio Igeprev, ser\u00e1 poss\u00edvel obter o Certificado de Regularidade Previdenci\u00e1ria, de forma administrativa, sem a necessidade de recorrer \u00e0 Justi\u00e7a, como j\u00e1 vinha acontecendo nos \u00faltimos anos.<\/p>\n","protected":false},"excerpt":{"rendered":"<p>O Governo do Estado do Tocantins publica nesta segunda-feira, 11, Medida Provis\u00f3ria que autoriza o parcelamento e o reparcelamento dos d\u00e9bitos do Estado do Tocantins com o Regime Pr\u00f3prio de Previd\u00eancia Social (RPPS), gerido pelo Instituto de Gest\u00e3o Previdenci\u00e1ria do Estado do Tocantins (Igreprev), em at\u00e9 200 presta\u00e7\u00f5es mensais consecutivas. A Medida Provis\u00f3ria ser\u00e1 publicada [&hellip;]<\/p>\n","protected":false},"author":2,"featured_media":4317,"comment_status":"open","ping_status":"open","sticky":false,"template":"","format":"standard","meta":[],"categories":[3],"tags":[],"_links":{"self":[{"href":"https:\/\/dgospel.com.br\/portal\/index.php\/wp-json\/wp\/v2\/posts\/4316"}],"collection":[{"href":"https:\/\/dgospel.com.br\/portal\/index.php\/wp-json\/wp\/v2\/posts"}],"about":[{"href":"https:\/\/dgospel.com.br\/portal\/index.php\/wp-json\/wp\/v2\/types\/post"}],"author":[{"embeddable":true,"href":"https:\/\/dgospel.com.br\/portal\/index.php\/wp-json\/wp\/v2\/users\/2"}],"replies":[{"embeddable":true,"href":"https:\/\/dgospel.com.br\/portal\/index.php\/wp-json\/wp\/v2\/comments?post=4316"}],"version-history":[{"count":1,"href":"https:\/\/dgospel.com.br\/portal\/index.php\/wp-json\/wp\/v2\/posts\/4316\/revisions"}],"predecessor-version":[{"id":4318,"href":"https:\/\/dgospel.com.br\/portal\/index.php\/wp-json\/wp\/v2\/posts\/4316\/revisions\/4318"}],"wp:featuredmedia":[{"embeddable":true,"href":"https:\/\/dgospel.com.br\/portal\/index.php\/wp-json\/wp\/v2\/media\/4317"}],"wp:attachment":[{"href":"https:\/\/dgospel.com.br\/portal\/index.php\/wp-json\/wp\/v2\/media?parent=4316"}],"wp:term":[{"taxonomy":"category","embeddable":true,"href":"https:\/\/dgospel.com.br\/portal\/index.php\/wp-json\/wp\/v2\/categories?post=4316"},{"taxonomy":"post_tag","embeddable":true,"href":"https:\/\/dgospel.com.br\/portal\/index.php\/wp-json\/wp\/v2\/tags?post=4316"}],"curies":[{"name":"wp","href":"https:\/\/api.w.org\/{rel}","templated":true}]}}