{"id":4322,"date":"2019-11-12T12:00:25","date_gmt":"2019-11-12T14:00:25","guid":{"rendered":"http:\/\/dgospel.com.br\/portal\/?p=4322"},"modified":"2019-11-12T12:00:27","modified_gmt":"2019-11-12T14:00:27","slug":"procon-inicia-nesta-segunda-feira-11-operacao-monitoramento-black-friday","status":"publish","type":"post","link":"https:\/\/dgospel.com.br\/portal\/index.php\/2019\/11\/12\/procon-inicia-nesta-segunda-feira-11-operacao-monitoramento-black-friday\/","title":{"rendered":"Procon inicia nesta segunda-feira, 11, opera\u00e7\u00e3o \u201cMonitoramento Black Friday&#8221;"},"content":{"rendered":"\n<p>O Procon iniciou nesta segunda-feira, 11, o monitoramento de pre\u00e7os e ofertas no com\u00e9rcio&nbsp;em todo o Estado, com o intuito de constatar&nbsp;se as propagandas de redu\u00e7\u00e3o de pre\u00e7os que ocorrer\u00e3o durante a Black Friday, que acontece no dia 29 de novembro, apresentar\u00e3o descontos reais. O monitoramento acontecer\u00e1 at\u00e9 quinta-feira, 14.<\/p>\n\n\n\n<p>Durante a opera\u00e7\u00e3o&nbsp;<em>Monitoramento Black Friday<\/em>, ser\u00e3o monitorados pre\u00e7os de produtos de diversos segmentos, desde ve\u00edculos, eletr\u00f4nicos, eletrodom\u00e9sticos, celulares, m\u00f3veis, perfumarias, inform\u00e1tica, vestu\u00e1rios, cal\u00e7ados, artigos esportivos, brinquedos, at\u00e9 alimenta\u00e7\u00e3o.<\/p>\n\n\n\n<p>Com essa interven\u00e7\u00e3o, o superintendente do Procon, Walter Viana,&nbsp;pretende reduzir o n\u00famero de&nbsp;estabelecimentos que costumam subir os valores dos produtos, antes do dia de descontos, para reduzir ao pre\u00e7o normal durante a promo\u00e7\u00e3o, ou aplicar um desconto insignificante para o consumidor no valor do produto. \u201cO nosso prop\u00f3sito, durante o monitoramento, \u00e9 tamb\u00e9m conscientizar o fornecedor para que ele promova descontos reais em seus estabelecimentos. Sem fraude, a economia cresce e todos, consequentemente, ganhar\u00e3o\u201d, ponderou.<\/p>\n\n\n\n<p><strong>Compras on-line<\/strong><\/p>\n\n\n\n<p>Sobre as compras on-line, o gestor do Procon Tocantins orienta o consumidor a buscar os sites confi\u00e1veis e esclarece que o consumidor pode desistir do produto, em at\u00e9 sete dias da data do recebimento do produto, sem nenhuma justificativa, uma vez que o C\u00f3digo de Defesa do Consumidor (CDC) assegura o direito de arrependimento nas compras&nbsp;on-line.<\/p>\n\n\n\n<p><strong>Plant\u00e3o Black Friday<\/strong><\/p>\n\n\n\n<p>Na sexta-feira, 29 de novembro, o Procon ter\u00e1 atendimento especial para receber den\u00fancias de consumidores sobre ofertas enganosas na Black Friday. A ger\u00eancia de fiscaliza\u00e7\u00e3o do \u00f3rg\u00e3o de defesa do consumidor explica que as equipes v\u00e3o analisar as ofertas e comparar com os pre\u00e7os coletados durante o monitoramento. Caso haja ind\u00edcios de publicidade enganosa, as empresas responder\u00e3o a processo administrativo e poder\u00e3o ser multadas.<\/p>\n\n\n\n<p><strong>Como denunciar<\/strong><\/p>\n\n\n\n<p>Ao perceber qualquer&nbsp;irregularidade nos pre\u00e7os e na qualidade dos produtos, o consumidor deve fazer den\u00fancia ao Procon,&nbsp;por meio do&nbsp;Disque Procon 151, ou por pelo WhatsApp Den\u00fancia no (63) 99216-6840.<\/p>\n","protected":false},"excerpt":{"rendered":"<p>O Procon iniciou nesta segunda-feira, 11, o monitoramento de pre\u00e7os e ofertas no com\u00e9rcio&nbsp;em todo o Estado, com o intuito de constatar&nbsp;se as propagandas de redu\u00e7\u00e3o de pre\u00e7os que ocorrer\u00e3o durante a Black Friday, que acontece no dia 29 de novembro, apresentar\u00e3o descontos reais. O monitoramento acontecer\u00e1 at\u00e9 quinta-feira, 14. Durante a opera\u00e7\u00e3o&nbsp;Monitoramento Black Friday, [&hellip;]<\/p>\n","protected":false},"author":2,"featured_media":4323,"comment_status":"open","ping_status":"open","sticky":false,"template":"","format":"standard","meta":[],"categories":[3],"tags":[],"_links":{"self":[{"href":"https:\/\/dgospel.com.br\/portal\/index.php\/wp-json\/wp\/v2\/posts\/4322"}],"collection":[{"href":"https:\/\/dgospel.com.br\/portal\/index.php\/wp-json\/wp\/v2\/posts"}],"about":[{"href":"https:\/\/dgospel.com.br\/portal\/index.php\/wp-json\/wp\/v2\/types\/post"}],"author":[{"embeddable":true,"href":"https:\/\/dgospel.com.br\/portal\/index.php\/wp-json\/wp\/v2\/users\/2"}],"replies":[{"embeddable":true,"href":"https:\/\/dgospel.com.br\/portal\/index.php\/wp-json\/wp\/v2\/comments?post=4322"}],"version-history":[{"count":1,"href":"https:\/\/dgospel.com.br\/portal\/index.php\/wp-json\/wp\/v2\/posts\/4322\/revisions"}],"predecessor-version":[{"id":4324,"href":"https:\/\/dgospel.com.br\/portal\/index.php\/wp-json\/wp\/v2\/posts\/4322\/revisions\/4324"}],"wp:featuredmedia":[{"embeddable":true,"href":"https:\/\/dgospel.com.br\/portal\/index.php\/wp-json\/wp\/v2\/media\/4323"}],"wp:attachment":[{"href":"https:\/\/dgospel.com.br\/portal\/index.php\/wp-json\/wp\/v2\/media?parent=4322"}],"wp:term":[{"taxonomy":"category","embeddable":true,"href":"https:\/\/dgospel.com.br\/portal\/index.php\/wp-json\/wp\/v2\/categories?post=4322"},{"taxonomy":"post_tag","embeddable":true,"href":"https:\/\/dgospel.com.br\/portal\/index.php\/wp-json\/wp\/v2\/tags?post=4322"}],"curies":[{"name":"wp","href":"https:\/\/api.w.org\/{rel}","templated":true}]}}