{"id":4325,"date":"2019-11-12T12:08:55","date_gmt":"2019-11-12T14:08:55","guid":{"rendered":"http:\/\/dgospel.com.br\/portal\/?p=4325"},"modified":"2019-11-12T12:08:58","modified_gmt":"2019-11-12T14:08:58","slug":"bolsonaro-determina-extincao-do-dpvat-a-partir-de-2020","status":"publish","type":"post","link":"https:\/\/dgospel.com.br\/portal\/index.php\/2019\/11\/12\/bolsonaro-determina-extincao-do-dpvat-a-partir-de-2020\/","title":{"rendered":"Bolsonaro determina extin\u00e7\u00e3o do DPVAT a partir de 2020"},"content":{"rendered":"\n<p>O governo assinou nesta ter\u00e7a-feira um decreto que extingue o Seguro de Danos Pessoais Causados por Ve\u00edculos Automotores de Vias Terrestres (DPVAT) a partir do ano que vem. Tamb\u00e9m foi extinto o Seguro Obrigat\u00f3rio de Danos Pessoais Causados por Embarca\u00e7\u00f5es ou por suas Cargas (DPEM), que, na pr\u00e1tica, n\u00e3o funcionava h\u00e1 alguns anos, uma vez que n\u00e3o h\u00e1 oferta do produto no mercado.<\/p>\n\n\n\n<p>Em nota, a Superintend\u00eancia de Seguros Privados (Susep) apontou que a decis\u00e3o se deu ap\u00f3s os dados apontarem baixa efici\u00eancia do DPVAT. Apenas a fiscaliza\u00e7\u00e3o da seguradora consome em torno de 19% do or\u00e7amento para esse fim da Susep. A opera\u00e7\u00e3o do DPVAT, no entanto, representa apenas 1,9% da receita do mercado supervisionado. O documento cita ainda que o seguro \u00e9 alvo de processos movidos pelo Tribunal de Contas da Uni\u00e3o (TCU) e outras milhares de a\u00e7\u00f5es judiciais.<\/p>\n\n\n\n<p>Segundo a Susep, a a\u00e7\u00e3o est\u00e1 em linha com a Lei de Liberdade Econ\u00f4mica, que estabelece garantias de livre mercado e escolha \u00e0 popula\u00e7\u00e3o. &#8220;Com o desenvolvimento do setor de seguros e com as medidas que v\u00eam sendo implementadas pela Susep, espera-se que o pr\u00f3prio mercado ofere\u00e7a coberturas adequadas para prote\u00e7\u00e3o dos propriet\u00e1rios de ve\u00edculos, passageiros e pedestres, tal como seguros facultativos de responsabilidade civil e acidentes pessoais&#8221;, informa a nota.<\/p>\n\n\n\n<p>A Superintend\u00eancia aponta ainda que a camada mais baixa da popula\u00e7\u00e3o est\u00e1 protegida pelo Sistema \u00danico de Sa\u00fade (SUS) e o Benef\u00edcio de Presta\u00e7\u00e3o Continuada (BPC) nos casos de invalidez.<\/p>\n\n\n\n<p>Em nota, o Planalto avaliou que a extin\u00e7\u00e3o do DPVAT tem potencial de evitar fraudes.<\/p>\n\n\n\n<p><strong>Fonte: O Dia \/ com informa\u00e7\u00f5es Estad\u00e3o Conte\u00fado \/ Foto: Divulga\u00e7\u00e3o<\/strong><\/p>\n","protected":false},"excerpt":{"rendered":"<p>O governo assinou nesta ter\u00e7a-feira um decreto que extingue o Seguro de Danos Pessoais Causados por Ve\u00edculos Automotores de Vias Terrestres (DPVAT) a partir do ano que vem. Tamb\u00e9m foi extinto o Seguro Obrigat\u00f3rio de Danos Pessoais Causados por Embarca\u00e7\u00f5es ou por suas Cargas (DPEM), que, na pr\u00e1tica, n\u00e3o funcionava h\u00e1 alguns anos, uma vez [&hellip;]<\/p>\n","protected":false},"author":2,"featured_media":4326,"comment_status":"open","ping_status":"open","sticky":false,"template":"","format":"standard","meta":[],"categories":[6,4],"tags":[],"_links":{"self":[{"href":"https:\/\/dgospel.com.br\/portal\/index.php\/wp-json\/wp\/v2\/posts\/4325"}],"collection":[{"href":"https:\/\/dgospel.com.br\/portal\/index.php\/wp-json\/wp\/v2\/posts"}],"about":[{"href":"https:\/\/dgospel.com.br\/portal\/index.php\/wp-json\/wp\/v2\/types\/post"}],"author":[{"embeddable":true,"href":"https:\/\/dgospel.com.br\/portal\/index.php\/wp-json\/wp\/v2\/users\/2"}],"replies":[{"embeddable":true,"href":"https:\/\/dgospel.com.br\/portal\/index.php\/wp-json\/wp\/v2\/comments?post=4325"}],"version-history":[{"count":1,"href":"https:\/\/dgospel.com.br\/portal\/index.php\/wp-json\/wp\/v2\/posts\/4325\/revisions"}],"predecessor-version":[{"id":4327,"href":"https:\/\/dgospel.com.br\/portal\/index.php\/wp-json\/wp\/v2\/posts\/4325\/revisions\/4327"}],"wp:featuredmedia":[{"embeddable":true,"href":"https:\/\/dgospel.com.br\/portal\/index.php\/wp-json\/wp\/v2\/media\/4326"}],"wp:attachment":[{"href":"https:\/\/dgospel.com.br\/portal\/index.php\/wp-json\/wp\/v2\/media?parent=4325"}],"wp:term":[{"taxonomy":"category","embeddable":true,"href":"https:\/\/dgospel.com.br\/portal\/index.php\/wp-json\/wp\/v2\/categories?post=4325"},{"taxonomy":"post_tag","embeddable":true,"href":"https:\/\/dgospel.com.br\/portal\/index.php\/wp-json\/wp\/v2\/tags?post=4325"}],"curies":[{"name":"wp","href":"https:\/\/api.w.org\/{rel}","templated":true}]}}