{"id":4328,"date":"2019-11-12T12:16:41","date_gmt":"2019-11-12T14:16:41","guid":{"rendered":"http:\/\/dgospel.com.br\/portal\/?p=4328"},"modified":"2019-11-12T12:16:43","modified_gmt":"2019-11-12T14:16:43","slug":"yudi-tamashiro-anuncia-fim-de-carreira-outra-missao","status":"publish","type":"post","link":"https:\/\/dgospel.com.br\/portal\/index.php\/2019\/11\/12\/yudi-tamashiro-anuncia-fim-de-carreira-outra-missao\/","title":{"rendered":"Yudi Tamashiro anuncia fim de carreira: \u00b4outra miss\u00e3o\u00b4"},"content":{"rendered":"\n<p>O cantor e apresentador Yudi Tamashiro fez diversas declara\u00e7\u00f5es que mostram uma nova vida com Jesus. Em sua participa\u00e7\u00e3o no programa Superpop, da Rede TV!, na noite de segunda-feira (04), o artista disse que est\u00e1 se afastando da carreira para se dedicar a Deus.<\/p>\n\n\n\n<p>\u201cCada um tem seu tempo e seu chamado\u201d, disse.<\/p>\n\n\n\n<p>Aos 22 anos, Yudi falou sobre sua vida de sucesso, que come\u00e7ou ainda na inf\u00e2ncia quando apresentava o programa \u201cBom Dia e Cia\u201d ao lado de Priscilla Alc\u00e2ntara.<\/p>\n\n\n\n<p>Ap\u00f3s viver anos de loucuras, sexo e bebidas, Yudi Tamashiro se converteu em uma igreja evang\u00e9lica, onde foi batizado, e come\u00e7ou a contar seu testemunho.<\/p>\n\n\n\n<p>Yudi disse que o que muitos buscam, ele teve desde crian\u00e7a: sucesso, fama, dinheiro e outras conquistas materiais.<\/p>\n\n\n\n<p>\u201cEsse poder que est\u00e1 dentro de mim, que \u00e9 o Esp\u00edrito Santo, j\u00e1 n\u00e3o me faz agradar de estar conquistando coisas, mas sim dividindo o amor que eu sinto por Deus. Porque \u00e9 isso que me completa hoje\u201d, afirmou.<\/p>\n\n\n\n<p>Ele contou que durante os tr\u00eas meses que ficou de cama por problemas no nervo ci\u00e1tico, teve muitas experi\u00eancias com Deus. \u201cComecei a me lembrar de coisas que me faziam bem, como pagode, e disse \u00e0 minha m\u00e3e que quando sa\u00edsse da cama iria evangelizar em lugares que ningu\u00e9m nunca evangelizou\u201d, contou.<\/p>\n\n\n\n<p><strong>Decis\u00e3o em MG<\/strong><\/p>\n\n\n\n<p>Yudi contou que a vida de cantor o estava afastando da igreja, porque os eventos aconteciam nos mesmos dias de culto, e aquilo estava deixando triste. Esse afastamento fez com que ele come\u00e7asse a voltar a beber e ter envolvimento com v\u00e1rias mulheres.<\/p>\n\n\n\n<p>Mas as coisas come\u00e7aram a mudar quando sua m\u00e3e, sem avis\u00e1-lo, marcou um testemunho em uma igreja em Minas. Yudi disse que ficou constrangido e n\u00e3o queria ir, pois estava tendo uma vida \u201csuja\u201d. Mas acabou aceitando.<\/p>\n\n\n\n<p>Ele contou que ali Deus o fez decidir que vida queria. \u201cEu j\u00e1 fiz shows em v\u00e1rios lugares, inclusive no Rock In Rio, mas nada se compara a ver jovens levantando as m\u00e3os para aceitar Jesus\u201d, contou, a partir da experi\u00eancia que teve em Minas, quando testemunho para 800 jovens.<\/p>\n\n\n\n<p>Em sua nova fase de f\u00e9, Yudi disse estar cada vez mais decidido a servir a Deus. Ele conta que num culto, ajoelhou, come\u00e7ou a chorar e a pedir para Deus o que ele deveria fazer:<\/p>\n\n\n\n<p>\u201cNaquele momento um pastor chegou, colocou as m\u00e3os em mim e disse: \u2018Voc\u00ea est\u00e1 perguntando pra Deus o que deve fazer e ele te responde: Larga tudo porque voc\u00ea vai rodar o mundo pregando a Palavra\u2019\u201d, contou emocionado.<\/p>\n\n\n\n<p>Ele conta que, no dia seguinte ap\u00f3s um show de pagode, ligou para a equipe e anunciou que n\u00e3o mais faria apresenta\u00e7\u00f5es. \u201cA partir de hoje n\u00e3o canto mais pagode, abro m\u00e3o da minha carreira\u201d, disse. \u201cVou partir na minha miss\u00e3o, porque a gente n\u00e3o escolhe isso. Se Deus me escolheu, e tocou o meu cora\u00e7\u00e3o para isso, a \u00fanica coisa que eu tenho que fazer e agradecer e marchar\u201d.<\/p>\n\n\n\n<p><strong>Amizade com Priscilla Alc\u00e2ntara<\/strong><\/p>\n\n\n\n<p>Yudi fala de sua amizade com a cantora Priscilla Alc\u00e2ntara, desde que trabalharam juntos, na inf\u00e2ncia. Ele lembra que foram 10 anos juntos, praticamente todos os dias, o dia inteiro no programa &#8220;Bom Dia e Cia&#8221;, al\u00e9m de outras atra\u00e7\u00f5es do SBT.<\/p>\n\n\n\n<p>Ele contou \u00e0 Luciana Gimenez como era a rela\u00e7\u00e3o entre os dois. &#8220;Cresci junto com a Pri. O mais legal \u00e9 que \u00e9ramos pessoas muito diferentes. Ela sempre crente e eu muito louco&#8221;, conta. &#8220;Eu acho que essa mistura era o que fazia a gra\u00e7a do programa&#8221;.<\/p>\n\n\n\n<p>Ele conta que os dois trabalhavam juntos &#8220;de segunda a segunda&#8221;, gravando oito horas por dia, ao vivo. &#8220;E n\u00e3o era s\u00f3 a TV, tinha os eventos e quando contratavam era sempre os dois. Eu convivia mais com ela do que com minha irm\u00e3&#8221;.<\/p>\n\n\n\n<p><strong>Fonte: Guia-me \/ com informa\u00e7\u00f5es Rede TV! \/ Foto: Reprodu\u00e7\u00e3o\/Instagram<\/strong><\/p>\n","protected":false},"excerpt":{"rendered":"<p>O cantor e apresentador Yudi Tamashiro fez diversas declara\u00e7\u00f5es que mostram uma nova vida com Jesus. Em sua participa\u00e7\u00e3o no programa Superpop, da Rede TV!, na noite de segunda-feira (04), o artista disse que est\u00e1 se afastando da carreira para se dedicar a Deus. \u201cCada um tem seu tempo e seu chamado\u201d, disse. Aos 22 [&hellip;]<\/p>\n","protected":false},"author":2,"featured_media":4329,"comment_status":"open","ping_status":"open","sticky":false,"template":"","format":"standard","meta":[],"categories":[5],"tags":[],"_links":{"self":[{"href":"https:\/\/dgospel.com.br\/portal\/index.php\/wp-json\/wp\/v2\/posts\/4328"}],"collection":[{"href":"https:\/\/dgospel.com.br\/portal\/index.php\/wp-json\/wp\/v2\/posts"}],"about":[{"href":"https:\/\/dgospel.com.br\/portal\/index.php\/wp-json\/wp\/v2\/types\/post"}],"author":[{"embeddable":true,"href":"https:\/\/dgospel.com.br\/portal\/index.php\/wp-json\/wp\/v2\/users\/2"}],"replies":[{"embeddable":true,"href":"https:\/\/dgospel.com.br\/portal\/index.php\/wp-json\/wp\/v2\/comments?post=4328"}],"version-history":[{"count":1,"href":"https:\/\/dgospel.com.br\/portal\/index.php\/wp-json\/wp\/v2\/posts\/4328\/revisions"}],"predecessor-version":[{"id":4330,"href":"https:\/\/dgospel.com.br\/portal\/index.php\/wp-json\/wp\/v2\/posts\/4328\/revisions\/4330"}],"wp:featuredmedia":[{"embeddable":true,"href":"https:\/\/dgospel.com.br\/portal\/index.php\/wp-json\/wp\/v2\/media\/4329"}],"wp:attachment":[{"href":"https:\/\/dgospel.com.br\/portal\/index.php\/wp-json\/wp\/v2\/media?parent=4328"}],"wp:term":[{"taxonomy":"category","embeddable":true,"href":"https:\/\/dgospel.com.br\/portal\/index.php\/wp-json\/wp\/v2\/categories?post=4328"},{"taxonomy":"post_tag","embeddable":true,"href":"https:\/\/dgospel.com.br\/portal\/index.php\/wp-json\/wp\/v2\/tags?post=4328"}],"curies":[{"name":"wp","href":"https:\/\/api.w.org\/{rel}","templated":true}]}}