{"id":4331,"date":"2019-11-12T14:10:37","date_gmt":"2019-11-12T16:10:37","guid":{"rendered":"http:\/\/dgospel.com.br\/portal\/?p=4331"},"modified":"2019-11-12T14:10:40","modified_gmt":"2019-11-12T16:10:40","slug":"mc-guime-e-batizado-em-igreja-evangelica-sou-um-milagre-gracas-a-jesus-cristo","status":"publish","type":"post","link":"https:\/\/dgospel.com.br\/portal\/index.php\/2019\/11\/12\/mc-guime-e-batizado-em-igreja-evangelica-sou-um-milagre-gracas-a-jesus-cristo\/","title":{"rendered":"MC Guim\u00ea \u00e9 batizado em igreja evang\u00e9lica: \u201cSou um milagre gra\u00e7as a Jesus Cristo\u201d"},"content":{"rendered":"\n<p>Ao completar 27 anos, no domingo (10), MC Guim\u00ea desceu&nbsp;<strong><a href=\"https:\/\/guiame.com.br\/gospel\/mundo-cristao\/philippe-coutinho-e-batizado-em-sua-casa-na-alemanha.html\">\u00e0s \u00e1guas em batismo<\/a><\/strong>&nbsp;feito pelo Pr. Jairinho Manh\u00e3es, da ADAlpha (Assembleia de Deus Alphaville).<\/p>\n\n\n\n\n\n<p>Segundo informa\u00e7\u00f5es, o funkeiro&nbsp;<strong><a href=\"https:\/\/guiame.com.br\/gospel\/noticias\/cantar-para-deus-e-sobrenatural-diz-joelma.html\">frequenta os cultos<\/a><\/strong>&nbsp;h\u00e1 um ano.PUBLICIDADE<\/p>\n\n\n\n\n\n<p>Com poucos registros, o batismo foi testemunhado por algumas pessoas e mostra o cantor com bata branca ao lado do pastor na piscina. O casal Jairinho e a cantora Cassiane lideram juntos a ADAlpha, em S\u00e3o Paulo.<\/p>\n\n\n\n<p>Guim\u00ea, que exibe dezenas de tatuagens, inclusive algumas no rosto, come\u00e7ou sua carreira na adolesc\u00eancia e agradeceu a Deus por suas conquistas profissionais.<\/p>\n\n\n\n<p>\u201cH\u00e1 15 anos que se (sic) interessei em me tornar um mc, h\u00e1 10 realizando o meu sonho cantando funk, fazendo o que eu mais amo, podendo dar uma melhora de vida pra minha fam\u00edlia e pros meus. Definitivamente eu S\u00d3 tenho a AGRADECER, meu Deus muito obrigado!!!\u201d, escreveu em uma m\u00eddia social.<\/p>\n\n\n\n<p>O cantor comemorou a data de seu anivers\u00e1rio contando um pouco sobre as dificuldades que sua m\u00e3e teve em seu parto prematuro, aos seis meses. Ele disse que segundo os m\u00e9dicos n\u00e3o teria sobrevivido e lembrou: \u201cSou um milagre\u201d.<\/p>\n\n\n\n<p>\u201cDeus fez diferente, em resposta de ora\u00e7\u00e3o dos meus pais e familiares, Ele fez com que isso n\u00e3o acontecesse e que acontecesse o que de fato aconteceu: hoje fa\u00e7o 27 anos de vida, h\u00e1 uns 20 anos dando trabalho pros pais [hj n\u00e3o mais, rs]\u201d.<\/p>\n\n\n\n<p>\n\nFONTE: GUIAME\n\n<\/p>\n","protected":false},"excerpt":{"rendered":"<p>Ao completar 27 anos, no domingo (10), MC Guim\u00ea desceu&nbsp;\u00e0s \u00e1guas em batismo&nbsp;feito pelo Pr. Jairinho Manh\u00e3es, da ADAlpha (Assembleia de Deus Alphaville). Segundo informa\u00e7\u00f5es, o funkeiro&nbsp;frequenta os cultos&nbsp;h\u00e1 um ano.PUBLICIDADE Com poucos registros, o batismo foi testemunhado por algumas pessoas e mostra o cantor com bata branca ao lado do pastor na piscina. O [&hellip;]<\/p>\n","protected":false},"author":2,"featured_media":4332,"comment_status":"open","ping_status":"open","sticky":false,"template":"","format":"standard","meta":[],"categories":[5,6],"tags":[],"_links":{"self":[{"href":"https:\/\/dgospel.com.br\/portal\/index.php\/wp-json\/wp\/v2\/posts\/4331"}],"collection":[{"href":"https:\/\/dgospel.com.br\/portal\/index.php\/wp-json\/wp\/v2\/posts"}],"about":[{"href":"https:\/\/dgospel.com.br\/portal\/index.php\/wp-json\/wp\/v2\/types\/post"}],"author":[{"embeddable":true,"href":"https:\/\/dgospel.com.br\/portal\/index.php\/wp-json\/wp\/v2\/users\/2"}],"replies":[{"embeddable":true,"href":"https:\/\/dgospel.com.br\/portal\/index.php\/wp-json\/wp\/v2\/comments?post=4331"}],"version-history":[{"count":1,"href":"https:\/\/dgospel.com.br\/portal\/index.php\/wp-json\/wp\/v2\/posts\/4331\/revisions"}],"predecessor-version":[{"id":4333,"href":"https:\/\/dgospel.com.br\/portal\/index.php\/wp-json\/wp\/v2\/posts\/4331\/revisions\/4333"}],"wp:featuredmedia":[{"embeddable":true,"href":"https:\/\/dgospel.com.br\/portal\/index.php\/wp-json\/wp\/v2\/media\/4332"}],"wp:attachment":[{"href":"https:\/\/dgospel.com.br\/portal\/index.php\/wp-json\/wp\/v2\/media?parent=4331"}],"wp:term":[{"taxonomy":"category","embeddable":true,"href":"https:\/\/dgospel.com.br\/portal\/index.php\/wp-json\/wp\/v2\/categories?post=4331"},{"taxonomy":"post_tag","embeddable":true,"href":"https:\/\/dgospel.com.br\/portal\/index.php\/wp-json\/wp\/v2\/tags?post=4331"}],"curies":[{"name":"wp","href":"https:\/\/api.w.org\/{rel}","templated":true}]}}