{"id":4337,"date":"2019-11-13T11:05:14","date_gmt":"2019-11-13T13:05:14","guid":{"rendered":"http:\/\/dgospel.com.br\/portal\/?p=4337"},"modified":"2019-11-13T11:05:15","modified_gmt":"2019-11-13T13:05:15","slug":"lider-de-governo-na-camara-fara-articulacao-para-retirada-do-projeto-que-dispoe-sobre-o-controle-da-poluicao-sonora-em-palmas","status":"publish","type":"post","link":"https:\/\/dgospel.com.br\/portal\/index.php\/2019\/11\/13\/lider-de-governo-na-camara-fara-articulacao-para-retirada-do-projeto-que-dispoe-sobre-o-controle-da-poluicao-sonora-em-palmas\/","title":{"rendered":"L\u00edder de governo na C\u00e2mara far\u00e1 articula\u00e7\u00e3o para retirada do Projeto que disp\u00f5e sobre o controle da polui\u00e7\u00e3o sonora em Palmas"},"content":{"rendered":"\n<table class=\"wp-block-table\"><tbody><tr><td><strong>AW7 Jornalismo<\/strong>&nbsp;&lt;aw7.jornalismo@gmail.com&gt;<\/td><td>09:19 (h\u00e1 39 minutos)<\/td><td><\/td><td><\/td><\/tr><tr><td>para Cco:eu<\/td><\/tr><\/tbody><\/table>\n\n\n\n<p>Na tarde de ter\u00e7a-feira, 12, a vereadora Laudecy Coimbra (SD), participou de uma reuni\u00e3o no Minist\u00e9rio P\u00fablico do Tocantins (MPE-TO) com o Grupo Psiu, que prop\u00f5e ao munic\u00edpio de Palmas que retire da C\u00e2mara de Vereadores o Projeto de Lei n\u00ba 30\/2018, que disp\u00f5e sobre o controle da polui\u00e7\u00e3o sonora e estabelece limites m\u00e1ximos de intensidade de sons e ru\u00eddos na capital.<\/p>\n\n\n\n<p>Conforme decidido na reuni\u00e3o, o MP ir\u00e1 expedir uma recomenda\u00e7\u00e3o para a Prefeita, e esta encaminhar\u00e1 um &nbsp;requerimento solicitando a retirada do PL da Casa. Assim, Laudecy Coimbra, como l\u00edder de governo, far\u00e1 a articula\u00e7\u00e3o para que os vereadores aprovem esse requerimento e o PL seja retirado.<\/p>\n\n\n\n<p>De acordo com a vereadora o motivo do pedido \u00e9 pelos diversos questionamentos que surgiram. &nbsp;&#8220;Precisamos de um debate mais amplo para chegarmos ao entendimento que contemple todas as \u00e1reas. H\u00e1 alguns dias solicitei que o PL fosse retirado de pauta para que n\u00e3o fosse aprovado da forma que ele est\u00e1. Al\u00e9m disso, com a chegada da Lei de uso do solo, muitas coisas que constam no PL 30\/2018 mudar\u00e3o&#8221;, destacou Laudecy.<\/p>\n\n\n\n<p>Ascom Laudecy Coimbra\n\n<\/p>\n","protected":false},"excerpt":{"rendered":"<p>AW7 Jornalismo&nbsp;&lt;aw7.jornalismo@gmail.com&gt; 09:19 (h\u00e1 39 minutos) para Cco:eu Na tarde de ter\u00e7a-feira, 12, a vereadora Laudecy Coimbra (SD), participou de uma reuni\u00e3o no Minist\u00e9rio P\u00fablico do Tocantins (MPE-TO) com o Grupo Psiu, que prop\u00f5e ao munic\u00edpio de Palmas que retire da C\u00e2mara de Vereadores o Projeto de Lei n\u00ba 30\/2018, que disp\u00f5e sobre o controle [&hellip;]<\/p>\n","protected":false},"author":2,"featured_media":4338,"comment_status":"open","ping_status":"open","sticky":false,"template":"","format":"standard","meta":[],"categories":[8,4],"tags":[],"_links":{"self":[{"href":"https:\/\/dgospel.com.br\/portal\/index.php\/wp-json\/wp\/v2\/posts\/4337"}],"collection":[{"href":"https:\/\/dgospel.com.br\/portal\/index.php\/wp-json\/wp\/v2\/posts"}],"about":[{"href":"https:\/\/dgospel.com.br\/portal\/index.php\/wp-json\/wp\/v2\/types\/post"}],"author":[{"embeddable":true,"href":"https:\/\/dgospel.com.br\/portal\/index.php\/wp-json\/wp\/v2\/users\/2"}],"replies":[{"embeddable":true,"href":"https:\/\/dgospel.com.br\/portal\/index.php\/wp-json\/wp\/v2\/comments?post=4337"}],"version-history":[{"count":1,"href":"https:\/\/dgospel.com.br\/portal\/index.php\/wp-json\/wp\/v2\/posts\/4337\/revisions"}],"predecessor-version":[{"id":4339,"href":"https:\/\/dgospel.com.br\/portal\/index.php\/wp-json\/wp\/v2\/posts\/4337\/revisions\/4339"}],"wp:featuredmedia":[{"embeddable":true,"href":"https:\/\/dgospel.com.br\/portal\/index.php\/wp-json\/wp\/v2\/media\/4338"}],"wp:attachment":[{"href":"https:\/\/dgospel.com.br\/portal\/index.php\/wp-json\/wp\/v2\/media?parent=4337"}],"wp:term":[{"taxonomy":"category","embeddable":true,"href":"https:\/\/dgospel.com.br\/portal\/index.php\/wp-json\/wp\/v2\/categories?post=4337"},{"taxonomy":"post_tag","embeddable":true,"href":"https:\/\/dgospel.com.br\/portal\/index.php\/wp-json\/wp\/v2\/tags?post=4337"}],"curies":[{"name":"wp","href":"https:\/\/api.w.org\/{rel}","templated":true}]}}