{"id":4343,"date":"2019-11-14T19:08:04","date_gmt":"2019-11-14T21:08:04","guid":{"rendered":"http:\/\/dgospel.com.br\/portal\/?p=4343"},"modified":"2019-11-14T19:08:05","modified_gmt":"2019-11-14T21:08:05","slug":"governo-do-tocantins-inicia-instalacao-de-650-novas-tornozeleiras-eletronicas","status":"publish","type":"post","link":"https:\/\/dgospel.com.br\/portal\/index.php\/2019\/11\/14\/governo-do-tocantins-inicia-instalacao-de-650-novas-tornozeleiras-eletronicas\/","title":{"rendered":"Governo do Tocantins inicia instala\u00e7\u00e3o de 650 novas tornozeleiras eletr\u00f4nicas"},"content":{"rendered":"\n<p>O Governo do Tocantins, por meio da Secretaria de Estado da Cidadania e Justi\u00e7a (Seciju), iniciou a instala\u00e7\u00e3o dos novos equipamentos de monitora\u00e7\u00e3o eletr\u00f4nica destinados a pessoas que cumprem pena de priva\u00e7\u00e3o de liberdade. Em Palmas, as instala\u00e7\u00f5es est\u00e3o sendo realizadas na Central de Monitoramento Eletr\u00f4nico (CME), conforme cronograma de instala\u00e7\u00e3o estabelecido entre a Seciju e a nova empresa contratada, UE Brasil. Nos pr\u00f3ximos dias, ser\u00e3o instaladas as tornozeleiras destinadas a pessoas que cumprem penas em outros munic\u00edpios do Estado.<\/p>\n\n\n\n<p>No total, 650 novas tornozeleiras ser\u00e3o instaladas, entre essas, 270 tornozeleiras da antiga empresa ser\u00e3o substitu\u00eddos em Palmas e Aragua\u00edna. O saldo restante das substitui\u00e7\u00f5es ser\u00e1 utilizado para atender novas demandas de instala\u00e7\u00e3o. Al\u00e9m disso, 30 dispositivos de prote\u00e7\u00e3o \u00e0 v\u00edtima de viol\u00eancia dom\u00e9stica est\u00e3o dispon\u00edveis para instala\u00e7\u00e3o, a fim de garantir prote\u00e7\u00e3o da v\u00edtima. Esse tipo de dispositivo dispara alerta de prote\u00e7\u00e3o conforme aproxima\u00e7\u00e3o do agressor.<\/p>\n\n\n\n<p>De acordo com o gerente de Monitoramento Eletr\u00f4nico de Pessoas, Rhomenyng Afonso, os beneficiados pela alternativa de monitora\u00e7\u00e3o eletr\u00f4nica devem se dirigir \u00e0&nbsp;CME para a substitui\u00e7\u00e3o ou nova instala\u00e7\u00e3o dos aparelhos. \u201cNossa equipe tem o controle de dados de todos os monitorados e uma programa\u00e7\u00e3o para a instala\u00e7\u00e3o dos novos equipamentos. Os monitorados devem ir at\u00e9 a central de monitoramento, onde passam por uma atualiza\u00e7\u00e3o de cadastro e posteriormente pela instala\u00e7\u00e3o das novas tornozeleiras, isso inclui os apenados condenados, em pris\u00e3o preventiva e de medida protetiva\u201d, explicou.&nbsp;&nbsp;<\/p>\n\n\n\n<p><strong>Capacita\u00e7\u00e3o<\/strong><\/p>\n\n\n\n<p>Para realizar as instala\u00e7\u00f5es de forma adequada e preparar os servidores para utiliza\u00e7\u00e3o da nova ferramenta de monitoramento, a Seciju, em conjunto com a empresa UE Brasil, iniciou na \u00faltima segunda-feira, 11, um curso voltado aos processos de monitoramento eletr\u00f4nico. A capacita\u00e7\u00e3o, direcionada \u00e0 Ger\u00eancia de Monitoramento Eletr\u00f4nico de Pessoas , ligada ao Sistema Penitenci\u00e1rio e Prisional do Tocantins (Sispen\/TO), conta com a participa\u00e7\u00e3o de 25 servidores e encerra nesta quinta-feira, 14.<\/p>\n\n\n\n<p>O curso \u00e9 dividido entre parte te\u00f3rica e pr\u00e1tica e tem conte\u00fados relacionados a conceitos b\u00e1sicos do Sistema Akiles de monitora\u00e7\u00e3o, informa\u00e7\u00f5es sobre instala\u00e7\u00e3o e desinstala\u00e7\u00e3o de equipamentos, cadastramentos e outros servi\u00e7os.<\/p>\n\n\n\n<p>Rhomenyng de Sousa ressalta que o curso tem intuito de preparar a equipe de monitora\u00e7\u00e3o eletr\u00f4nica para os processos da nova empresa. \u201cO curso tem como foco demonstrar os conceitos do sistema utilizado pela empresa UE Brasil, al\u00e9m de qualificar ainda mais os processos de trabalho realizados por nossa equipe, desde a instala\u00e7\u00e3o at\u00e9 a an\u00e1lise de uma poss\u00edvel viola\u00e7\u00e3o dos equipamentos\u201d, conta.<\/p>\n\n\n\n<p>De acordo com o diretor de opera\u00e7\u00f5es da UE Brasil, Vadislau Gomes, o curso possibilita que os participantes dominem a ferramenta. \u201dO Sistema possibilitar\u00e1 que o servidor visualize formas de fiscaliza\u00e7\u00e3o das condi\u00e7\u00f5es da medida judicial e informe o judici\u00e1rio, caso haja casos de viola\u00e7\u00e3o. A capacita\u00e7\u00e3o permite que os participantes dominem a ferramenta\u201d, explicou.<\/p>\n\n\n\n<p>Para o agente de Execu\u00e7\u00e3o Penal, Jonatas Ribeiro, aprimorar os conhecimentos na \u00e1rea torna o trabalho ainda mais eficaz. \u201cO curso \u00e9 de grande valia para exercer a fun\u00e7\u00e3o de fiscaliza\u00e7\u00e3o com efici\u00eancia e cumprir com o papel do Estado, que \u00e9 fiscalizar, colaborar com a ressocializa\u00e7\u00e3o dos apenados e garantir seguran\u00e7a para sociedade\u201d, relatou.<\/p>\n\n\n\n<p><strong>Nova empresa<\/strong><\/p>\n\n\n\n<p>O contrato emergencial com a empresa UE Brasil Tecnologia tem dura\u00e7\u00e3o de seis meses. De acordo com o gerente de monitoramento, a empresa contratada forneceu os novos equipamentos, um novo sistema para ser utilizado pelos servidores e suporte t\u00e9cnico 24 horas. A Cidadania e Justi\u00e7a \u00e9 respons\u00e1vel pelo fornecimento de m\u00e3o de obra, maquin\u00e1rio administrativo e ambiente adequado para desenvolvimento dos trabalhos da equipe.<\/p>\n","protected":false},"excerpt":{"rendered":"<p>O Governo do Tocantins, por meio da Secretaria de Estado da Cidadania e Justi\u00e7a (Seciju), iniciou a instala\u00e7\u00e3o dos novos equipamentos de monitora\u00e7\u00e3o eletr\u00f4nica destinados a pessoas que cumprem pena de priva\u00e7\u00e3o de liberdade. Em Palmas, as instala\u00e7\u00f5es est\u00e3o sendo realizadas na Central de Monitoramento Eletr\u00f4nico (CME), conforme cronograma de instala\u00e7\u00e3o estabelecido entre a Seciju [&hellip;]<\/p>\n","protected":false},"author":2,"featured_media":4344,"comment_status":"open","ping_status":"open","sticky":false,"template":"","format":"standard","meta":[],"categories":[3],"tags":[],"_links":{"self":[{"href":"https:\/\/dgospel.com.br\/portal\/index.php\/wp-json\/wp\/v2\/posts\/4343"}],"collection":[{"href":"https:\/\/dgospel.com.br\/portal\/index.php\/wp-json\/wp\/v2\/posts"}],"about":[{"href":"https:\/\/dgospel.com.br\/portal\/index.php\/wp-json\/wp\/v2\/types\/post"}],"author":[{"embeddable":true,"href":"https:\/\/dgospel.com.br\/portal\/index.php\/wp-json\/wp\/v2\/users\/2"}],"replies":[{"embeddable":true,"href":"https:\/\/dgospel.com.br\/portal\/index.php\/wp-json\/wp\/v2\/comments?post=4343"}],"version-history":[{"count":1,"href":"https:\/\/dgospel.com.br\/portal\/index.php\/wp-json\/wp\/v2\/posts\/4343\/revisions"}],"predecessor-version":[{"id":4345,"href":"https:\/\/dgospel.com.br\/portal\/index.php\/wp-json\/wp\/v2\/posts\/4343\/revisions\/4345"}],"wp:featuredmedia":[{"embeddable":true,"href":"https:\/\/dgospel.com.br\/portal\/index.php\/wp-json\/wp\/v2\/media\/4344"}],"wp:attachment":[{"href":"https:\/\/dgospel.com.br\/portal\/index.php\/wp-json\/wp\/v2\/media?parent=4343"}],"wp:term":[{"taxonomy":"category","embeddable":true,"href":"https:\/\/dgospel.com.br\/portal\/index.php\/wp-json\/wp\/v2\/categories?post=4343"},{"taxonomy":"post_tag","embeddable":true,"href":"https:\/\/dgospel.com.br\/portal\/index.php\/wp-json\/wp\/v2\/tags?post=4343"}],"curies":[{"name":"wp","href":"https:\/\/api.w.org\/{rel}","templated":true}]}}