{"id":4349,"date":"2019-11-15T13:10:43","date_gmt":"2019-11-15T15:10:43","guid":{"rendered":"http:\/\/dgospel.com.br\/portal\/?p=4349"},"modified":"2019-11-15T13:10:45","modified_gmt":"2019-11-15T15:10:45","slug":"a-pedido-de-bolsonaro-advogado-geral-da-uniao-faz-oracao-pelo-brasil-na-porta-do-alvorada","status":"publish","type":"post","link":"https:\/\/dgospel.com.br\/portal\/index.php\/2019\/11\/15\/a-pedido-de-bolsonaro-advogado-geral-da-uniao-faz-oracao-pelo-brasil-na-porta-do-alvorada\/","title":{"rendered":"A pedido de Bolsonaro, advogado-geral da Uni\u00e3o faz ora\u00e7\u00e3o pelo Brasil na porta do Alvorada"},"content":{"rendered":"\n<p>O presidente&nbsp;<strong><a href=\"https:\/\/guiame.com.br\/gospel\/noticias\/bolsonaro-cita-biblia-e-glorifica-deus-em-discurso-na-onu.html\">Jair Bolsonaro<\/a><\/strong>&nbsp;apresentou o advogado-geral da Uni\u00e3o, Andr\u00e9 Mendon\u00e7a, como pastor ao p\u00fablico que o aguardava na sa\u00edda do Pal\u00e1cio da Alvorada na manh\u00e3 desta quarta-feira (13).<\/p>\n\n\n\n<p>\u201cEle vai fazer uma ora\u00e7\u00e3o pelo nosso Brasil e por todos n\u00f3s, t\u00e1 ok?\u201d, avisou o presidente, momentos ap\u00f3s ter perguntando se havia algum\u00a0<strong><a href=\"https:\/\/guiame.com.br\/gospel\/noticias\/damares-alves-diz-que-cristianismo-e-religiao-mais-perseguida-do-brasil.html\">evang\u00e9lico<\/a><\/strong>\u00a0entre as pessoas que o aplaudiam na grade.<\/p>\n\n\n\n<p>\u201cObrigado pela miss\u00e3o que voc\u00eas me deram, por estar aqui. A gente vai fazer o poss\u00edvel com essa equipe maravilhosa\u201d, disse Bolsonaro, que, al\u00e9m de Mendon\u00e7a, tamb\u00e9m estava acompanhado por Roberto Campos, presidente do Banco Central, e Paulo Guedes, ministro da Economia.<\/p>\n\n\n\n<p>Durante a\u00a0<strong><a href=\"https:\/\/guiame.com.br\/gospel\/noticias\/grupo-ateu-exige-que-tecnico-de-futebol-pare-de-orar-com-os-jogadores-nos-eua.html\">ora\u00e7\u00e3o<\/a><\/strong>,\u00a0Mendon\u00e7a, que \u00e9 pastor da Igreja Presbiteriana, agradeceu pela vida, pelo Pa\u00eds e \u201cpor essas mulheres\u201d, em refer\u00eancia ao p\u00fablico majoritariamente feminino na sa\u00edda do Alvorada. Assista em v\u00eddeo abaixo:<\/p>\n\n\n\n<p>\u201cQue o senhor traga justi\u00e7a, paz e prosperidade. Em nome de Jesus\u201d, finalizou o advogado-geral da Uni\u00e3o.<\/p>\n\n\n\n<p>Em 10 de julho, ap\u00f3s o Supremo Tribunal Federal ter equiparado a discrimina\u00e7\u00e3o com base em orienta\u00e7\u00e3o sexual e identidade de g\u00eanero ao crime de racismo, Bolsonaro afirmou que indicaria para a Corte um novo ministro \u201cterrivelmente evang\u00e9lico\u201d. Cinco dias depois, ele usou o mesmo termo para referir-se a\u00a0<strong><a href=\"https:\/\/guiame.com.br\/gospel\/noticias\/pastor-pode-ser-primeiro-evangelico-indicado-por-bolsonaro-ao-stf.html\">Andr\u00e9 Mendon\u00e7a<\/a><\/strong>,\u00a0durante evento na C\u00e2mara dos Deputados.<\/p>\n\n\n\n<figure class=\"wp-block-embed-facebook wp-block-embed is-type-video is-provider-facebook\"><div class=\"wp-block-embed__wrapper\">\n<div id=\"fb-root\"><\/div><script async=\"1\" defer=\"1\" crossorigin=\"anonymous\" src=\"https:\/\/connect.facebook.net\/nl_NL\/sdk.js#xfbml=1&amp;version=v7.0\" nonce=\"yg2DA7Zk\"><\/script><div class=\"fb-video\" data-href=\"https:\/\/www.facebook.com\/jairmessias.bolsonaro\/videos\/2686797954710495\/\" data-width=\"630\"><blockquote cite=\"https:\/\/www.facebook.com\/jairmessias.bolsonaro\/videos\/2686797954710495\/\" class=\"fb-xfbml-parse-ignore\"><a href=\"https:\/\/www.facebook.com\/jairmessias.bolsonaro\/videos\/2686797954710495\/\"><\/a><p><\/p>Geplaatst door <a href=\"https:\/\/www.facebook.com\/jairmessias.bolsonaro\/\">Jair Messias Bolsonaro<\/a> op Woensdag 13 november 2019<\/blockquote><\/div>\n<\/div><\/figure>\n\n\n\n<p>Dentre as pautas j\u00e1 defendidas por Mendon\u00e7a, est\u00e3o a realiza\u00e7\u00e3o de opera\u00e7\u00f5es policiais em universidades p\u00fablicas, a pris\u00e3o ap\u00f3s condena\u00e7\u00e3o em segunda inst\u00e2ncia e uma apura\u00e7\u00e3o sobre o depoimento do porteiro nas investiga\u00e7\u00f5es da execu\u00e7\u00e3o de Marielle Franco. \u00c9 dele tamb\u00e9m o estudo de um projeto que visa posicionamento mais incisivo do governo contra a suposta \u201c<strong><a href=\"https:\/\/guiame.com.br\/gospel\/noticias\/evangelicos-vao-ao-stf-em-defesa-da-politica-externa-contra-ideologia-de-genero.html\">ideologia de g\u00eanero<\/a><\/strong>\u201d nas escolas.<\/p>\n\n\n\n<p>\n\nFONTE: GUIAME, COM INFORMA\u00c7\u00d5ES DO ESTAD\u00c3O\n\n<\/p>\n","protected":false},"excerpt":{"rendered":"<p>O presidente&nbsp;Jair Bolsonaro&nbsp;apresentou o advogado-geral da Uni\u00e3o, Andr\u00e9 Mendon\u00e7a, como pastor ao p\u00fablico que o aguardava na sa\u00edda do Pal\u00e1cio da Alvorada na manh\u00e3 desta quarta-feira (13). \u201cEle vai fazer uma ora\u00e7\u00e3o pelo nosso Brasil e por todos n\u00f3s, t\u00e1 ok?\u201d, avisou o presidente, momentos ap\u00f3s ter perguntando se havia algum\u00a0evang\u00e9lico\u00a0entre as pessoas que o [&hellip;]<\/p>\n","protected":false},"author":2,"featured_media":4350,"comment_status":"open","ping_status":"open","sticky":false,"template":"","format":"standard","meta":[],"categories":[5,4],"tags":[],"_links":{"self":[{"href":"https:\/\/dgospel.com.br\/portal\/index.php\/wp-json\/wp\/v2\/posts\/4349"}],"collection":[{"href":"https:\/\/dgospel.com.br\/portal\/index.php\/wp-json\/wp\/v2\/posts"}],"about":[{"href":"https:\/\/dgospel.com.br\/portal\/index.php\/wp-json\/wp\/v2\/types\/post"}],"author":[{"embeddable":true,"href":"https:\/\/dgospel.com.br\/portal\/index.php\/wp-json\/wp\/v2\/users\/2"}],"replies":[{"embeddable":true,"href":"https:\/\/dgospel.com.br\/portal\/index.php\/wp-json\/wp\/v2\/comments?post=4349"}],"version-history":[{"count":1,"href":"https:\/\/dgospel.com.br\/portal\/index.php\/wp-json\/wp\/v2\/posts\/4349\/revisions"}],"predecessor-version":[{"id":4351,"href":"https:\/\/dgospel.com.br\/portal\/index.php\/wp-json\/wp\/v2\/posts\/4349\/revisions\/4351"}],"wp:featuredmedia":[{"embeddable":true,"href":"https:\/\/dgospel.com.br\/portal\/index.php\/wp-json\/wp\/v2\/media\/4350"}],"wp:attachment":[{"href":"https:\/\/dgospel.com.br\/portal\/index.php\/wp-json\/wp\/v2\/media?parent=4349"}],"wp:term":[{"taxonomy":"category","embeddable":true,"href":"https:\/\/dgospel.com.br\/portal\/index.php\/wp-json\/wp\/v2\/categories?post=4349"},{"taxonomy":"post_tag","embeddable":true,"href":"https:\/\/dgospel.com.br\/portal\/index.php\/wp-json\/wp\/v2\/tags?post=4349"}],"curies":[{"name":"wp","href":"https:\/\/api.w.org\/{rel}","templated":true}]}}