{"id":4353,"date":"2019-11-15T13:26:00","date_gmt":"2019-11-15T15:26:00","guid":{"rendered":"http:\/\/dgospel.com.br\/portal\/?p=4353"},"modified":"2019-11-15T13:26:02","modified_gmt":"2019-11-15T15:26:02","slug":"delino-marcal-ganha-grammy-latino-2019","status":"publish","type":"post","link":"https:\/\/dgospel.com.br\/portal\/index.php\/2019\/11\/15\/delino-marcal-ganha-grammy-latino-2019\/","title":{"rendered":"Delino Mar\u00e7al ganha Grammy Latino 2019"},"content":{"rendered":"\n<p>Na noite desta quinta-feira (14), Delino Mar\u00e7al conquistou o Grammy Latino 2019 na categoria Melhor \u00c1lbum de M\u00fasica Crist\u00e3 em L\u00edngua Portuguesa.<\/p>\n\n\n\n<p>A vit\u00f3ria do cantor aconteceu com o \u00e1lbum Guarda Meu Cora\u00e7\u00e3o, da gravadora MK Music. A 20\u00aa edi\u00e7\u00e3o do evento acontece, em Las Vegas, nos Estados Unidos.<\/p>\n\n\n\n<p>\u201cA Deus a Gl\u00f3ria, o louvor, a honra para todo sempre. Eu quero agradecer a minha fam\u00edlia, em especial minha esposa D\u00e9borah Mar\u00e7al, minha filha Rebecca, agrade\u00e7o aos meus amigos, fam\u00edlia, musicistas do Brasil. Quero agradecer meu produtor que est\u00e1 aqui, Eli Soares, salva de palmas para esse homem que produziu esse disco incr\u00edvel. Agrade\u00e7o tamb\u00e9m a minha gravadora MK Music. Ofere\u00e7o esse pr\u00eamio a Deus e ao Brasil. Deus acima de tudo! Obrigado\u201d, declarou.<\/p>\n\n\n\n<p>Foi a primeira indica\u00e7\u00e3o de Delino. Al\u00e9m dele, quatro artistas concorreram na mesma categoria: Priscilla Alcantara com Gente; Preto no Branco com Preto no Branco 3; Eli Soares com 360\u00ba e Adriana Arydes com Sagrado.<\/p>\n\n\n\n<p>\u201cEsse \u00e1lbum foi um desafio muito grande na minha vida. Depois de escrever hits como Deus \u00e9 Deus e J\u00f3, as pessoas acabam me cobrando algo na mesma altura. Mas, estou muito tranquilo, porque Ele me fez entender que para cada tempo, Ele tem uma resposta\u201d, disse o cantor durante o lan\u00e7amento, em 2018.<\/p>\n\n\n\n<p><strong>Guarda meu cora\u00e7\u00e3o<\/strong><\/p>\n\n\n\n<p>Depois do sucesso Deus \u00e9 Deus, Delino Mar\u00e7al lan\u00e7ou Guarda Meu Cora\u00e7\u00e3o, em julho do ano passado. O \u00e1lbum tem 11 can\u00e7\u00f5es, \u00e9 autoral e teve produ\u00e7\u00e3o de Eli Soares. A can\u00e7\u00e3o principal foi inspirada em sua pr\u00f3pria hist\u00f3ria de vida. Ao&nbsp;<strong>Pleno.News<\/strong>, o cantor descreveu como nasceu a m\u00fasica.<\/p>\n\n\n\n<p>\u201cDo nada Deus levanta uma pessoa e faz ela viver coisas extraordin\u00e1rias. O ass\u00e9dio, o acesso a tudo. Voc\u00ea entra num v\u00f4o, desce de outro, agenda extensa, muitos compromissos. Sem perceber, voc\u00ea acaba perdendo alguns valores. Quando isso come\u00e7ou a acontecer comigo, ainda no auge do Deus \u00e9 Deus, Ele falou para mim: \u201cVoc\u00ea est\u00e1 correndo demais. D\u00e1 um restart a\u00ed! Volta para o quarto!\u201d. Eu percebi que isso \u00e9 uma necessidade na minha vida. N\u00e3o s\u00f3 na minha, mas em todos que desejam ter uma caminhada crist\u00e3. Precisamos guardar o cora\u00e7\u00e3o contra essas coisas todos os dias\u201d, relatou Delino.<\/p>\n\n\n\n<figure class=\"wp-block-embed-youtube wp-block-embed is-type-video is-provider-youtube wp-embed-aspect-16-9 wp-has-aspect-ratio\"><div class=\"wp-block-embed__wrapper\">\n<iframe loading=\"lazy\" title=\"Delino Mar\u00e7al - Guarda Meu Cora\u00e7\u00e3o (Clipe Oficial MK Music)\" width=\"630\" height=\"354\" src=\"https:\/\/www.youtube.com\/embed\/9hby2YJHY3k?feature=oembed\" frameborder=\"0\" allow=\"accelerometer; autoplay; encrypted-media; gyroscope; picture-in-picture\" allowfullscreen><\/iframe>\n<\/div><\/figure>\n\n\n\n<p>O clipe \u00e9 rico em detalhes, moderno, sofisticado e emocionante. O roteiro foi da diretora art\u00edstica da MK Music, Marina de Oliveira, e a produ\u00e7\u00e3o uma parceria com a Miracle Studios. Na ocasi\u00e3o, Delino contou que seu grande objetivo com o novo single era auxiliar pessoas a se livrarem da depress\u00e3o, uma das doen\u00e7as que mais t\u00eam afetado o mundo, nos \u00faltimos tempos.<\/p>\n\n\n\n<p>\u2013 Essa can\u00e7\u00e3o veio para cumprir um prop\u00f3sito. Espero que ela cumpra o objetivo para o qual foi criada. Guarda Meu Cora\u00e7\u00e3o \u00e9 totalmente b\u00edblica. Diz respeito a tudo o que se deve guardar, que guarde o cora\u00e7\u00e3o porque dele procedem as sa\u00eddas da vida \u2013 desejou Delino, mencionando um trecho da B\u00edblia.<\/p>\n\n\n\n<p>Para o cantor, que tamb\u00e9m \u00e9 autor de suas pr\u00f3prias can\u00e7\u00f5es, o tema Guarda Meu Cora\u00e7\u00e3o fala da import\u00e2ncia de se proteger das maldades e corrup\u00e7\u00f5es do mundo.<\/p>\n\n\n\n<p>\u201cEu quero que as pessoas entendam a m\u00fasica. Se elas entenderem o que eu quis escrever nessa can\u00e7\u00e3o, eu j\u00e1 ganhei o meu dia! Se elas digerirem de forma saud\u00e1vel, ela vai ajudar pessoas. Porque a m\u00fasica n\u00e3o depende de classe social. Vai do pobre ao rico. \u00c9 para algu\u00e9m que se corrompeu, se perdeu no meio do caminho. Todos n\u00f3s estamos inseridos neste contexto, de guardar o cora\u00e7\u00e3o\u201d, disse.<\/p>\n\n\n\n<p><strong>Fonte: Pleno News<\/strong><\/p>\n","protected":false},"excerpt":{"rendered":"<p>Na noite desta quinta-feira (14), Delino Mar\u00e7al conquistou o Grammy Latino 2019 na categoria Melhor \u00c1lbum de M\u00fasica Crist\u00e3 em L\u00edngua Portuguesa. A vit\u00f3ria do cantor aconteceu com o \u00e1lbum Guarda Meu Cora\u00e7\u00e3o, da gravadora MK Music. A 20\u00aa edi\u00e7\u00e3o do evento acontece, em Las Vegas, nos Estados Unidos. \u201cA Deus a Gl\u00f3ria, o louvor, [&hellip;]<\/p>\n","protected":false},"author":2,"featured_media":4355,"comment_status":"open","ping_status":"open","sticky":false,"template":"","format":"standard","meta":[],"categories":[5,6],"tags":[],"_links":{"self":[{"href":"https:\/\/dgospel.com.br\/portal\/index.php\/wp-json\/wp\/v2\/posts\/4353"}],"collection":[{"href":"https:\/\/dgospel.com.br\/portal\/index.php\/wp-json\/wp\/v2\/posts"}],"about":[{"href":"https:\/\/dgospel.com.br\/portal\/index.php\/wp-json\/wp\/v2\/types\/post"}],"author":[{"embeddable":true,"href":"https:\/\/dgospel.com.br\/portal\/index.php\/wp-json\/wp\/v2\/users\/2"}],"replies":[{"embeddable":true,"href":"https:\/\/dgospel.com.br\/portal\/index.php\/wp-json\/wp\/v2\/comments?post=4353"}],"version-history":[{"count":1,"href":"https:\/\/dgospel.com.br\/portal\/index.php\/wp-json\/wp\/v2\/posts\/4353\/revisions"}],"predecessor-version":[{"id":4356,"href":"https:\/\/dgospel.com.br\/portal\/index.php\/wp-json\/wp\/v2\/posts\/4353\/revisions\/4356"}],"wp:featuredmedia":[{"embeddable":true,"href":"https:\/\/dgospel.com.br\/portal\/index.php\/wp-json\/wp\/v2\/media\/4355"}],"wp:attachment":[{"href":"https:\/\/dgospel.com.br\/portal\/index.php\/wp-json\/wp\/v2\/media?parent=4353"}],"wp:term":[{"taxonomy":"category","embeddable":true,"href":"https:\/\/dgospel.com.br\/portal\/index.php\/wp-json\/wp\/v2\/categories?post=4353"},{"taxonomy":"post_tag","embeddable":true,"href":"https:\/\/dgospel.com.br\/portal\/index.php\/wp-json\/wp\/v2\/tags?post=4353"}],"curies":[{"name":"wp","href":"https:\/\/api.w.org\/{rel}","templated":true}]}}