{"id":436,"date":"2018-06-04T10:23:19","date_gmt":"2018-06-04T13:23:19","guid":{"rendered":"http:\/\/dgospel.com.br\/portal\/?p=436"},"modified":"2018-06-04T10:23:19","modified_gmt":"2018-06-04T13:23:19","slug":"michel-temer-participa-da-45a-age-da-conamad-e-agradece-a-deus-pelo-fim-da-greve-dos-caminhoneiros","status":"publish","type":"post","link":"https:\/\/dgospel.com.br\/portal\/index.php\/2018\/06\/04\/michel-temer-participa-da-45a-age-da-conamad-e-agradece-a-deus-pelo-fim-da-greve-dos-caminhoneiros\/","title":{"rendered":"Michel Temer participa da 45\u00aa AGE da CONAMAD e agradece a Deus pelo fim da greve dos caminhoneiros"},"content":{"rendered":"<p>O presidente Michel Temer (MDB) rebateu cr\u00edticas e agradeceu a Deus pelo fim da greve dos caminhoneiros no discurso que fez durante a 45\u00aa AGE da Conven\u00e7\u00e3o Nacional das Assembleias de Deus Madureira (CONAMAD) na \u00faltima quinta-feira, 31 de maio.<\/p>\n<p>Convidado pelo bispo Manoel Ferreira, presidente da CONAMAD, Temer afirmou que \u201cgra\u00e7as a Deus\u201d a greve dos caminhoneiros foi encerrada atrav\u00e9s da negocia\u00e7\u00e3o, e que se sentia \u201ciluminado\u201d por ter conseguido p\u00f4r fim \u00e0 crise.<\/p>\n<p>\u201cGra\u00e7as a Deus, estamos encerrando a greve dos caminhoneiros por meio de uma atitude minha que tem sido criticada, o di\u00e1logo\u201d, afirmou o presidente. \u201cN\u00e3o uso a for\u00e7a, a autoridade. Uso o di\u00e1logo, a palavra, eu e o governo todo, conectados com os estados e munic\u00edpios\u201d, acrescentou Temer, de acordo com informa\u00e7\u00f5es do\u00a0<em style=\"font-weight: inherit;\">G1<\/em>.<\/p>\n<p>O pastor Ronaldo Fonseca, ministro da Secretaria Geral da Presid\u00eancia, acompanhou o presidente no evento assembleiano. Al\u00e9m dele, compareceram o ex-ministro da Fazenda e pr\u00e9-candidato \u00e0 presid\u00eancia, Henrique Meirelles (MDB), e o ex-senador Dem\u00f3stenes Torres (DEM).<\/p>\n<p>A voca\u00e7\u00e3o para o di\u00e1logo, segundo Temer, foi o segredo para evitar que fosse usada a for\u00e7a: \u201cN\u00e3o houve uma s\u00f3 viol\u00eancia pelo Estado brasileiro. A \u00fanica morte ocorreu por uma atividade pol\u00edtica, um caminhoneiro foi atingido por um tijolo\u201d, afirmou o presidente.<\/p>\n<p>\u201cQue isso sirva de exemplo para o nosso pa\u00eds, a for\u00e7a do di\u00e1logo. Depois de dialogar, chamei as For\u00e7as Armadas. Fui iluminado por Deus, que disse vai l\u00e1 no templo da Assembleia comemorar a pacifica\u00e7\u00e3o do pa\u00eds\u201d, relatou o presidente. \u201cQuero pedir que todos voc\u00eas crendo como creio na for\u00e7a do di\u00e1logo e da palavra, que possam levar isso a todos os templos, se puderem levar uma palavra de paz, de harmonia, respeito m\u00fatuo, culto da fam\u00edlia e da unidade\u201d, solicitou.<\/p>\n<p>Antes de sua fala, Michel Temer foi apresentado por Manoel Ferreira aos fi\u00e9is, e garantiu que o presidente n\u00e3o seria vaiado: \u201cAqui voc\u00ea [Temer] s\u00f3 vai ser aplaudido, porque aqui aprendemos a respeitar as autoridades constitu\u00eddas. Ele [Temer] \u00e9 o n\u00famero 1 desse pa\u00eds, acima dele s\u00f3 tem Deus e a na\u00e7\u00e3o, que \u00e9 o povo\u201d, disse o bispo.<\/p>\n<p>Fonte: gospelmais<\/p>\n","protected":false},"excerpt":{"rendered":"<p>O presidente Michel Temer (MDB) rebateu cr\u00edticas e agradeceu a Deus pelo fim da greve dos caminhoneiros no discurso que fez durante a 45\u00aa AGE da Conven\u00e7\u00e3o Nacional das Assembleias de Deus Madureira (CONAMAD) na \u00faltima quinta-feira, 31 de maio. Convidado pelo bispo Manoel Ferreira, presidente da CONAMAD, Temer afirmou que \u201cgra\u00e7as a Deus\u201d a [&hellip;]<\/p>\n","protected":false},"author":2,"featured_media":437,"comment_status":"open","ping_status":"open","sticky":false,"template":"","format":"standard","meta":[],"categories":[2,10,5],"tags":[],"_links":{"self":[{"href":"https:\/\/dgospel.com.br\/portal\/index.php\/wp-json\/wp\/v2\/posts\/436"}],"collection":[{"href":"https:\/\/dgospel.com.br\/portal\/index.php\/wp-json\/wp\/v2\/posts"}],"about":[{"href":"https:\/\/dgospel.com.br\/portal\/index.php\/wp-json\/wp\/v2\/types\/post"}],"author":[{"embeddable":true,"href":"https:\/\/dgospel.com.br\/portal\/index.php\/wp-json\/wp\/v2\/users\/2"}],"replies":[{"embeddable":true,"href":"https:\/\/dgospel.com.br\/portal\/index.php\/wp-json\/wp\/v2\/comments?post=436"}],"version-history":[{"count":1,"href":"https:\/\/dgospel.com.br\/portal\/index.php\/wp-json\/wp\/v2\/posts\/436\/revisions"}],"predecessor-version":[{"id":438,"href":"https:\/\/dgospel.com.br\/portal\/index.php\/wp-json\/wp\/v2\/posts\/436\/revisions\/438"}],"wp:featuredmedia":[{"embeddable":true,"href":"https:\/\/dgospel.com.br\/portal\/index.php\/wp-json\/wp\/v2\/media\/437"}],"wp:attachment":[{"href":"https:\/\/dgospel.com.br\/portal\/index.php\/wp-json\/wp\/v2\/media?parent=436"}],"wp:term":[{"taxonomy":"category","embeddable":true,"href":"https:\/\/dgospel.com.br\/portal\/index.php\/wp-json\/wp\/v2\/categories?post=436"},{"taxonomy":"post_tag","embeddable":true,"href":"https:\/\/dgospel.com.br\/portal\/index.php\/wp-json\/wp\/v2\/tags?post=436"}],"curies":[{"name":"wp","href":"https:\/\/api.w.org\/{rel}","templated":true}]}}