{"id":4364,"date":"2019-11-18T13:34:36","date_gmt":"2019-11-18T15:34:36","guid":{"rendered":"http:\/\/dgospel.com.br\/portal\/?p=4364"},"modified":"2019-11-18T13:34:38","modified_gmt":"2019-11-18T15:34:38","slug":"populacao-destaca-que-obras-provenientes-do-emprestimo-entre-governo-e-caixa-vao-fomentar-economia-do-tocantins","status":"publish","type":"post","link":"https:\/\/dgospel.com.br\/portal\/index.php\/2019\/11\/18\/populacao-destaca-que-obras-provenientes-do-emprestimo-entre-governo-e-caixa-vao-fomentar-economia-do-tocantins\/","title":{"rendered":"Popula\u00e7\u00e3o destaca que obras provenientes do empr\u00e9stimo entre Governo e Caixa v\u00e3o fomentar economia do Tocantins"},"content":{"rendered":"\n<p>A popula\u00e7\u00e3o do Tocantins vive uma expectativa de dias melhores com a assinatura do contrato de financiamento entre o Governo do Tocantins e a Caixa Econ\u00f4mica Federal (CEF), marcada para ocorrer no dia 28 de novembro, no Pal\u00e1cio Araguaia. Ser\u00e3o firmados dois contratos, sendo um de mais de R$ 453 milh\u00f5es que contemplar\u00e1 as \u00e1reas da sa\u00fade, educa\u00e7\u00e3o, seguran\u00e7a p\u00fablica, gest\u00e3o e infraestrutura e ser\u00e1 compartilhado com os 139 munic\u00edpios e outro no valor de R$ 130 milh\u00f5es, espec\u00edfico para a constru\u00e7\u00e3o da nova ponte de Porto Nacional.<\/p>\n\n\n\n<p>Para o assistente social&nbsp;Alessandro de Freitas Porto, que trabalha com crian\u00e7as e adolescentes em Pedro Afonso, a verba chega em boa hora para atender a demanda dos moradores.<\/p>\n\n\n\n<p>Quem tamb\u00e9m acredita que os recursos s\u00e3o importantes para o Estado \u00e9 a tecn\u00f3loga de Recursos Humanos, Ilda Reis, que mora em Palmas. \u201cN\u00f3s sabemos que o Brasil, em geral, n\u00e3o passa por um bom momento econ\u00f4mico e essa verba vem para alavancar os nossos munic\u00edpios e suprir as necessidades que cada um tem\u201d, destaca.<\/p>\n\n\n\n<p>O empres\u00e1rio Sivaldo Batista, que \u00e9 secret\u00e1rio municipal de Esportes, Juventude e Lazer de Ponte Alta do Tocantins, lembra as dificuldades enfrentadas nos \u00faltimos anos devido a escassez de recursos p\u00fablicos, mas agora ele acredita que a verba pode alavancar o desenvolvimento do munic\u00edpio no pr\u00f3ximo ano. \u201cPrecisamos melhorar a infraestrutura da cidade para que possamos atender o turista, dar uma melhor aten\u00e7\u00e3o \u00e0 \u00e1rea do turismo porque isso gera muito emprego\u201d, frisa.<\/p>\n\n\n\n<p><strong>Oportunidades<\/strong><\/p>\n\n\n\n<p>A assistente administrativa Cl\u00e1udia Lopes Dourado, que mora em Para\u00edso do Tocantins, disse que muitos desempregados poder\u00e3o ser beneficiados com os recursos.<\/p>\n\n\n\n<p>\u201cEssa verba que ser\u00e1 liberada vai ajudar muito nosso munic\u00edpio e todas essas pessoas que precisam de um trabalho. A meu ver, em primeiro lugar precisamos de uma faculdade, ent\u00e3o como j\u00e1 temos a promessa da instala\u00e7\u00e3o da Unitins j\u00e1 \u00e9 bastante coisa para nossa popula\u00e7\u00e3o estudantil. Em segundo, infraestrutura, portanto essa verba chega em uma hora muito boa, pois ainda temos muitas ruas sem asfalto. Esses dois passos ser\u00e3o um divisor de \u00e1guas para a nossa cidade de Para\u00edso, pois estamos precisando muito. S\u00f3 temos que parabenizar o Governo pela iniciativa\u201d, conclui.<\/p>\n\n\n\n<p><strong>Para todos<\/strong><\/p>\n\n\n\n<p>O diferencial desse financiamento \u00e9 que pela primeira vez o Governo do Tocantins consegue recursos para beneficiar todos os 139 munic\u00edpios tocantinenses em uma mesma a\u00e7\u00e3o. Foi isso o que tamb\u00e9m chamou a aten\u00e7\u00e3o do eletricista de autom\u00f3vel e mec\u00e2nico de ar-condicionado automotivo, Silvino Neto Aires Campelo, de Brejinho de Nazar\u00e9.<\/p>\n\n\n\n<p>\u201cEsse dinheiro est\u00e1 vindo mais que na hora certa, tanto para o Estado como para os munic\u00edpios. Por isso, quero parabenizar o Governo do Tocantins por mandar os recursos para todos os munic\u00edpios, independente de quest\u00f5es partid\u00e1rias\u201d, observa.<\/p>\n\n\n\n<p><strong>Assinatura dos contratos<\/strong><\/p>\n\n\n\n<p>O contrato que oficializa a libera\u00e7\u00e3o do financiamento de R$ 453 milh\u00f5es ser\u00e1 assinado pelo governador do Estado do Tocantins, Mauro Carlesse, e pelo presidente da Caixa, Pedro Duarte Guimar\u00e3es, com a presen\u00e7a do presidente da Rep\u00fablica, Jair Bolsonaro, do presidente do Senado Federal, Davi Alcolumbre, e de autoridades pol\u00edticas e setoriais de todo o Estado. Na ocasi\u00e3o, tamb\u00e9m ser\u00e1 assinado o contrato para financiamento de mais R$ 130 milh\u00f5es, destinados para a constru\u00e7\u00e3o da nova ponte de Porto Nacional sobre o rio Tocantins.<\/p>\n","protected":false},"excerpt":{"rendered":"<p>A popula\u00e7\u00e3o do Tocantins vive uma expectativa de dias melhores com a assinatura do contrato de financiamento entre o Governo do Tocantins e a Caixa Econ\u00f4mica Federal (CEF), marcada para ocorrer no dia 28 de novembro, no Pal\u00e1cio Araguaia. Ser\u00e3o firmados dois contratos, sendo um de mais de R$ 453 milh\u00f5es que contemplar\u00e1 as \u00e1reas [&hellip;]<\/p>\n","protected":false},"author":2,"featured_media":4365,"comment_status":"open","ping_status":"open","sticky":false,"template":"","format":"standard","meta":[],"categories":[3],"tags":[],"_links":{"self":[{"href":"https:\/\/dgospel.com.br\/portal\/index.php\/wp-json\/wp\/v2\/posts\/4364"}],"collection":[{"href":"https:\/\/dgospel.com.br\/portal\/index.php\/wp-json\/wp\/v2\/posts"}],"about":[{"href":"https:\/\/dgospel.com.br\/portal\/index.php\/wp-json\/wp\/v2\/types\/post"}],"author":[{"embeddable":true,"href":"https:\/\/dgospel.com.br\/portal\/index.php\/wp-json\/wp\/v2\/users\/2"}],"replies":[{"embeddable":true,"href":"https:\/\/dgospel.com.br\/portal\/index.php\/wp-json\/wp\/v2\/comments?post=4364"}],"version-history":[{"count":1,"href":"https:\/\/dgospel.com.br\/portal\/index.php\/wp-json\/wp\/v2\/posts\/4364\/revisions"}],"predecessor-version":[{"id":4366,"href":"https:\/\/dgospel.com.br\/portal\/index.php\/wp-json\/wp\/v2\/posts\/4364\/revisions\/4366"}],"wp:featuredmedia":[{"embeddable":true,"href":"https:\/\/dgospel.com.br\/portal\/index.php\/wp-json\/wp\/v2\/media\/4365"}],"wp:attachment":[{"href":"https:\/\/dgospel.com.br\/portal\/index.php\/wp-json\/wp\/v2\/media?parent=4364"}],"wp:term":[{"taxonomy":"category","embeddable":true,"href":"https:\/\/dgospel.com.br\/portal\/index.php\/wp-json\/wp\/v2\/categories?post=4364"},{"taxonomy":"post_tag","embeddable":true,"href":"https:\/\/dgospel.com.br\/portal\/index.php\/wp-json\/wp\/v2\/tags?post=4364"}],"curies":[{"name":"wp","href":"https:\/\/api.w.org\/{rel}","templated":true}]}}