{"id":4367,"date":"2019-11-19T11:35:31","date_gmt":"2019-11-19T14:35:31","guid":{"rendered":"http:\/\/dgospel.com.br\/portal\/?p=4367"},"modified":"2019-11-19T11:35:32","modified_gmt":"2019-11-19T14:35:32","slug":"mauro-carlesse-ressalta-que-desenvolvimento-dos-municipios-passa-pela-regularizacao-fundiaria","status":"publish","type":"post","link":"https:\/\/dgospel.com.br\/portal\/index.php\/2019\/11\/19\/mauro-carlesse-ressalta-que-desenvolvimento-dos-municipios-passa-pela-regularizacao-fundiaria\/","title":{"rendered":"Mauro Carlesse ressalta que desenvolvimento dos munic\u00edpios passa pela regulariza\u00e7\u00e3o fundi\u00e1ria"},"content":{"rendered":"\n<p>O governador do Estado do Tocantins, Mauro Carlesse, participou da entrega de t\u00edtulos do programa&nbsp;<em>Mateiros Legalizado<\/em>, de regulariza\u00e7\u00e3o fundi\u00e1ria no munic\u00edpio de Mateiros, na regi\u00e3o do Jalap\u00e3o. Ao lado do prefeito Jo\u00e3o Martins Neto; do presidente do Legislativo, deputado Ant\u00f4nio Andrade; e do presidente do Tribunal de Justi\u00e7a do Tocantins (TJTO), desembargador Helv\u00e9cio de Brito Maia Neto, o Governador entregou alguns dos cerca de 800 t\u00edtulos que regularizam lotes e ch\u00e1caras do n\u00facleo urbano do munic\u00edpio. O evento ocorreu nesta segunda-feira, 18, na Escola Municipal Professora Enestina Vieira Soares.<\/p>\n\n\n\n<p>Al\u00e9m da regulariza\u00e7\u00e3o fundi\u00e1ria, foi realizado ainda a entrega do t\u00edtulo de Cidad\u00e3o Mateirense ao governador Mauro Carlesse e outras 11 personalidades que, de alguma forma, contribu\u00edram para o crescimento e desenvolvimento de Mateiros. De forma conjunta, tamb\u00e9m ocorreu o programa&nbsp;<em>Justi\u00e7a Cidad\u00e3<\/em>, do TJTO e a inaugura\u00e7\u00e3o da creche Centro Municipal de Educa\u00e7\u00e3o Infantil Come\u00e7o de Vida.<\/p>\n\n\n\n<p>O governador Mauro Carlesse ressaltou a import\u00e2ncia da regulariza\u00e7\u00e3o fundi\u00e1ria para o cidad\u00e3o e para o desenvolvimento do Estado, gerando renda e prosperidade. &#8220;Este Estado mudou seguindo o caminho da prosperidade. Neste Governo, queremos que todo cidad\u00e3o seja beneficiado. Tudo que o povo quer \u00e9 ter seu t\u00edtulo de propriedade. A partir da\u00ed, ele vai definir muita coisa em sua vida. Fico muito feliz de estar aqui junto ao Prefeito e todos os l\u00edderes, para mostrar que \u00e9 isso que precisa ser feito. As autoridades do nosso Estado est\u00e3o entregando os t\u00edtulos que s\u00e3o poss\u00edveis e fazendo isto de forma legal&#8221;, afirmou o Governador, enfatizando que &#8220;a partir da\u00ed, as coisas v\u00e3o acontecendo. Vir\u00e3o empresas para se instalar e ser\u00e3o gerados&nbsp;renda e emprego. Isso precisa ser feito em quase todos os munic\u00edpios do Tocantins e n\u00f3s vamos resolver isso&#8221;, garantiu.<\/p>\n\n\n\n<p>De acordo com o prefeito Jo\u00e3o Martins, o programa&nbsp;<em>Mateiros Legalizado<\/em>&nbsp;vem sendo trabalhado h\u00e1 cerca de dois anos e busca dar seguran\u00e7a jur\u00eddica aos cidad\u00e3os que ainda n\u00e3o possuem a escritura de seus lotes. &#8220;Mateiros concentra 80% dos atrativos do Jalap\u00e3o. Com essa regulariza\u00e7\u00e3o, as pessoas podem investir em pousadas e restaurantes, o que n\u00e3o podiam antes por n\u00e3o terem como provar que eram donos do terreno. Come\u00e7amos esse levantamento h\u00e1 dois anos e agora \u00e9 uma honra promover essa regulariza\u00e7\u00e3o&#8221;, afirmou.<\/p>\n\n\n\n<p>Agora, dona leg\u00edtima do lote onde construiu sua casa, Senhorinha Carvalho Cirqueira conta que realizou um sonho ao pegar seu t\u00edtulo de regulariza\u00e7\u00e3o. &#8220;Com esse documento, a gente pode ter muitos benef\u00edcios. Temos a certeza de que nossos terrenos s\u00e3o mesmo nossos. \u00c9 a realiza\u00e7\u00e3o de um sonho para todos n\u00f3s&#8221;, afirmou emocionada.<\/p>\n\n\n\n<p>O advogado e propriet\u00e1rio de uma pousada, Mauro Lemes, enfatizou que poder\u00e1, agora, melhorar seu neg\u00f3cio. &#8220;Esse t\u00edtulos v\u00e3o melhorar muito a vida dos empres\u00e1rios. Vamos poder fazer financiamentos e melhorar nossa infraestrutura, atraindo assim mais turistas&#8221;.<\/p>\n\n\n\n<p><strong>Cidad\u00e3o Mateirense<\/strong><\/p>\n\n\n\n<p>Junto com outras 11 personalidades tocantinenses, que colaboraram e colaboram para o desenvolvimento de Mateiros, o governador Mauro Carlesse recebeu o t\u00edtulo de Cidad\u00e3o Mateirense, indicado pelo vereador Manoel Rabelo Tavares Filho. &#8220;Eu j\u00e1 me sentia mateirense. \u00c9 um local que eu venho com minha fam\u00edlia. Uma cidade que eu gosto demais e agora estou muito mais feliz porque sou cidad\u00e3o de Mateiros&#8221;, revelou.<\/p>\n\n\n\n<p><strong>Presen\u00e7as<\/strong><\/p>\n\n\n\n<p>Participaram tamb\u00e9m do evento, o deputado estadual Waldemar J\u00fanior; o procurador-geral de Justica, Jos\u00e9 Omar de Almeida J\u00fanior; a subdefensora p\u00fablica-geral, Estellamaris Postal; o secret\u00e1rio-executivo da Governadoria, Divino Allan Siqueira; vereadores e prefeitos, entre outras autoridades.<\/p>\n","protected":false},"excerpt":{"rendered":"<p>O governador do Estado do Tocantins, Mauro Carlesse, participou da entrega de t\u00edtulos do programa&nbsp;Mateiros Legalizado, de regulariza\u00e7\u00e3o fundi\u00e1ria no munic\u00edpio de Mateiros, na regi\u00e3o do Jalap\u00e3o. Ao lado do prefeito Jo\u00e3o Martins Neto; do presidente do Legislativo, deputado Ant\u00f4nio Andrade; e do presidente do Tribunal de Justi\u00e7a do Tocantins (TJTO), desembargador Helv\u00e9cio de Brito [&hellip;]<\/p>\n","protected":false},"author":2,"featured_media":4368,"comment_status":"open","ping_status":"open","sticky":false,"template":"","format":"standard","meta":[],"categories":[4],"tags":[],"_links":{"self":[{"href":"https:\/\/dgospel.com.br\/portal\/index.php\/wp-json\/wp\/v2\/posts\/4367"}],"collection":[{"href":"https:\/\/dgospel.com.br\/portal\/index.php\/wp-json\/wp\/v2\/posts"}],"about":[{"href":"https:\/\/dgospel.com.br\/portal\/index.php\/wp-json\/wp\/v2\/types\/post"}],"author":[{"embeddable":true,"href":"https:\/\/dgospel.com.br\/portal\/index.php\/wp-json\/wp\/v2\/users\/2"}],"replies":[{"embeddable":true,"href":"https:\/\/dgospel.com.br\/portal\/index.php\/wp-json\/wp\/v2\/comments?post=4367"}],"version-history":[{"count":1,"href":"https:\/\/dgospel.com.br\/portal\/index.php\/wp-json\/wp\/v2\/posts\/4367\/revisions"}],"predecessor-version":[{"id":4369,"href":"https:\/\/dgospel.com.br\/portal\/index.php\/wp-json\/wp\/v2\/posts\/4367\/revisions\/4369"}],"wp:featuredmedia":[{"embeddable":true,"href":"https:\/\/dgospel.com.br\/portal\/index.php\/wp-json\/wp\/v2\/media\/4368"}],"wp:attachment":[{"href":"https:\/\/dgospel.com.br\/portal\/index.php\/wp-json\/wp\/v2\/media?parent=4367"}],"wp:term":[{"taxonomy":"category","embeddable":true,"href":"https:\/\/dgospel.com.br\/portal\/index.php\/wp-json\/wp\/v2\/categories?post=4367"},{"taxonomy":"post_tag","embeddable":true,"href":"https:\/\/dgospel.com.br\/portal\/index.php\/wp-json\/wp\/v2\/tags?post=4367"}],"curies":[{"name":"wp","href":"https:\/\/api.w.org\/{rel}","templated":true}]}}