{"id":4370,"date":"2019-11-20T11:19:03","date_gmt":"2019-11-20T14:19:03","guid":{"rendered":"http:\/\/dgospel.com.br\/portal\/?p=4370"},"modified":"2019-11-20T11:19:04","modified_gmt":"2019-11-20T14:19:04","slug":"prefeitura-de-palmas-divulga-resultado-final-do-processo-de-escolha-dos-membros-do-conselho-tutelar-para-o-quadrienio-2020-2023","status":"publish","type":"post","link":"https:\/\/dgospel.com.br\/portal\/index.php\/2019\/11\/20\/prefeitura-de-palmas-divulga-resultado-final-do-processo-de-escolha-dos-membros-do-conselho-tutelar-para-o-quadrienio-2020-2023\/","title":{"rendered":"Prefeitura de Palmas divulga resultado final do processo de escolha dos membros do Conselho Tutelar para o quadri\u00eanio 2020\/2023"},"content":{"rendered":"\n<p>A Prefeitura de Palmas por meio do Conselho Municipal dos Direitos da Crian\u00e7a e do Adolescente de Palmas (CMDCA), divulgou na edi\u00e7\u00e3o&nbsp;<a rel=\"noreferrer noopener\" target=\"_blank\" href=\"http:\/\/diariooficial.palmas.to.gov.br\/media\/diario\/2372-18-11-2019-21-6-48.pdf\">n\u00ba 2.372<\/a>&nbsp;do Di\u00e1rio Oficial do Munic\u00edpio, dessa \u00faltima segunda-feira, 18, o resultado final da elei\u00e7\u00e3o do processo de escolha para novos membros do Conselho Tutelar de Palmas. Os novos membros atuar\u00e3o no quadri\u00eanio 2020\/2023.&nbsp;<br><\/p>\n\n\n\n<p>Conforme Resolu\u00e7\u00e3o n\u00b0 70, ser\u00e3o considerados eleitos os 10 candidatos mais votados para cada Conselho Tutelar, sendo cinco titulares e cinco suplentes, por ordem de vota\u00e7\u00e3o e conforme regi\u00e3o de inscri\u00e7\u00e3o do candidato. Ao todo, Palmas disp\u00f5e de quatro unidades de Conselho Tutelar.<\/p>\n\n\n\n<p>A vota\u00e7\u00e3o ocorreu no dia 06 de outubro de 2019 e a homologa\u00e7\u00e3o do resultado encerra a 4\u00aa de seis etapas que precisam ser cumpridas. A 5\u00aa etapa ser\u00e1 uma forma\u00e7\u00e3o inicial no audit\u00f3rio da Defensoria P\u00fablica do Estado (DPE), do dia 25 a 29 de novembro. J\u00e1 a sexta e \u00faltima etapa ser\u00e1 a diploma\u00e7\u00e3o e posse, vale ressaltar que s\u00f3 tomar\u00e3o posse os membros que tiverem conclu\u00eddo a forma\u00e7\u00e3o inicial.<\/p>\n\n\n\n<p><strong>Posse<\/strong><\/p>\n\n\n\n<p>A posse dos novos conselheiros tutelares est\u00e1 prevista para o dia 10 de janeiro de 2020, conforme previsto no Art. 50 da Lei Municipal n\u00ba 1553, de 11 de junho de 2008; e resolu\u00e7\u00e3o n\u00ba 170, de 10 de dezembro de 2014, quando tomar\u00e3o posse os 10 candidatos mais votados por regi\u00e3o, sendo cinco titulares e cinco suplentes.<\/p>\n\n\n\n<p><strong>O que \u00e9 o Conselho Tutelar?<\/strong><\/p>\n\n\n\n<p>O Conselho Tutelar \u00e9 \u00f3rg\u00e3o permanente e aut\u00f4nomo, n\u00e3o jurisdicional, encarregado pela sociedade de zelar pelo cumprimento dos direitos da crian\u00e7a e do adolescente, sendo composto por cinco membros, escolhidos pela comunidade local para mandato de quatro anos, permitida uma recondu\u00e7\u00e3o, mediante novo processo de escolha em igualdade com os demais pretendentes.<\/p>\n\n\n\n<p><strong>Resultado final<\/strong><br><\/p>\n\n\n\n<p>Foram considerados eleitos os 10 (dez) candidatos mais votados por Conselho Tutelar, sendo 05 (cinco) titulares e 05 (cinco) suplentes, por ordem decrescente de vota\u00e7\u00e3o, conforme tabelas a seguir:<\/p>\n\n\n\n<table class=\"wp-block-table\"><tbody><tr><td><strong>REGI\u00c3O CENTRO<\/strong><\/td><\/tr><tr><td><strong>Ordem<\/strong><\/td><td><strong>Candidato (a)<\/strong><\/td><td><strong>Vota\u00e7\u00e3o<\/strong><\/td><td><strong>Classifica\u00e7\u00e3o<\/strong><\/td><\/tr><tr><td>1<\/td><td>&nbsp; Juniel Carvalho de Sousa &nbsp;<\/td><td>622<\/td><td>Titular<\/td><\/tr><tr><td>2<\/td><td>Resileida Maria do Couto Pereira<\/td><td>402<\/td><td>Titular<\/td><\/tr><tr><td>3<\/td><td>Katia Silene Fernandes Pinto do Nascimento<\/td><td>400<\/td><td>Titular<\/td><\/tr><tr><td>4<\/td><td>Hiara Matos Araujo Guimar\u00e3es<\/td><td>332<\/td><td>Titular<\/td><\/tr><tr><td>5<\/td><td>Iramar Cardoso da Silva<\/td><td>317<\/td><td>Titular<\/td><\/tr><tr><td>6<\/td><td>Lafaiete Nogueira R\u00eago<\/td><td>294<\/td><td>Suplente<\/td><\/tr><tr><td>7<\/td><td>I\u00eada Oliveira Santos<\/td><td>251<\/td><td>Suplente<\/td><\/tr><tr><td>8<\/td><td>M\u00edria Pereira Laurindo Carvalho &#8211;&nbsp;<em>Sub judice<\/em><\/td><td>240<\/td><td>Suplente<\/td><\/tr><tr><td>9<\/td><td>Sandra Dias da Silva<\/td><td>223<\/td><td>Suplente<\/td><\/tr><tr><td>10<\/td><td>Jennyfer Moreira Silva<\/td><td>118<\/td><td>Suplente<\/td><\/tr><\/tbody><\/table>\n\n\n\n<table class=\"wp-block-table\"><tbody><tr><td><strong>REGI\u00c3O NORTE<\/strong><\/td><\/tr><tr><td><strong>Ordem<\/strong><\/td><td><strong>Candidato (a)<\/strong><\/td><td><strong>Vota\u00e7\u00e3o<\/strong><\/td><td><strong>Classifica\u00e7\u00e3o<\/strong><\/td><\/tr><tr><td>1<\/td><td>&nbsp; Wagner Brito de Ara\u00fajo<\/td><td>462<\/td><td>Titular<\/td><\/tr><tr><td>2<\/td><td>Jos\u00e9 Ribamar de Sena Pereira<\/td><td>452<\/td><td>Titular<\/td><\/tr><tr><td>3<\/td><td>Maria dos Reis Marques da Silva Cardoso<\/td><td>444<\/td><td>Titular<\/td><\/tr><tr><td>4<\/td><td>Ivonete Ferreira Cabral Medeiros Magalh\u00e3es<\/td><td>425<\/td><td>Titular<\/td><\/tr><tr><td>5<\/td><td>Osvaldiron Alves da Silva<\/td><td>402<\/td><td>Titular<\/td><\/tr><tr><td>6<\/td><td>Gabriel Marques de Sousa Pereira**<\/td><td>438<\/td><td>Suplente<\/td><\/tr><tr><td>7<\/td><td>Kleber Alves de Carvalho<\/td><td>397<\/td><td>Suplente<\/td><\/tr><tr><td>8<\/td><td>Maria Vanir Il\u00eddio<\/td><td>391<\/td><td>Suplente<\/td><\/tr><tr><td>9<\/td><td>kamylla Polyanna Souza Mendon\u00e7a Carvalho<\/td><td>304<\/td><td>Suplente<\/td><\/tr><tr><td>10<\/td><td>L\u00eddia Xavier de Sousa<\/td><td>284<\/td><td>Suplente<\/td><\/tr><\/tbody><\/table>\n\n\n\n<table class=\"wp-block-table\"><tbody><tr><td><strong>REGI\u00c3O SUL I<\/strong><\/td><\/tr><tr><td><strong>Ordem<\/strong><\/td><td><strong>Candidato (a)<\/strong><\/td><td><strong>Vota\u00e7\u00e3o<\/strong><\/td><td><strong>Classifica\u00e7\u00e3o<\/strong><\/td><\/tr><tr><td>1<\/td><td>&nbsp; Elizete Freire Cavalcante<\/td><td>458<\/td><td>Titular<\/td><\/tr><tr><td>2<\/td><td>Maria L\u00facia Ribeiro de Souza<\/td><td>426<\/td><td>Titular<\/td><\/tr><tr><td>3<\/td><td>Elen\u00edcia Pereira Ricardo Morais<\/td><td>420<\/td><td>Titular<\/td><\/tr><tr><td>4<\/td><td>Marcela Milene Guedes Quini<\/td><td>361<\/td><td>Titular<\/td><\/tr><tr><td>5<\/td><td>Josilene Rodrigues da Silva &#8211;&nbsp;<em>Sub judice<\/em><\/td><td>307<\/td><td>Titular<\/td><\/tr><tr><td>6<\/td><td>Maria do Carmo Machado Souza &#8211;&nbsp;<em>Sub judice<\/em><\/td><td>305<\/td><td>Suplente<\/td><\/tr><tr><td>7<\/td><td>Raquel da Silva Carvalho Alves<\/td><td>249<\/td><td>Suplente<\/td><\/tr><tr><td>8<\/td><td>Marcos Vinic\u00edus Costa de Oliveira<\/td><td>227<\/td><td>Suplente<\/td><\/tr><tr><td>9<\/td><td>Elias Pereira de Sousa<\/td><td>204<\/td><td>Suplente<\/td><\/tr><tr><td>10<\/td><td>Elizete Sales Sodr\u00e9<\/td><td>202<\/td><td>Suplente<\/td><\/tr><\/tbody><\/table>\n\n\n\n<table class=\"wp-block-table\"><tbody><tr><td><strong>REGI\u00c3O SUL II<\/strong><\/td><\/tr><tr><td><strong>Ordem<\/strong><\/td><td><strong>Candidato (a)<\/strong><\/td><td><strong>Vota\u00e7\u00e3o<\/strong><\/td><td><strong>Classifica\u00e7\u00e3o<\/strong><\/td><\/tr><tr><td>1<\/td><td>&nbsp; Adriana Evangelista Gomes Vieira<\/td><td>688<\/td><td>Titular<\/td><\/tr><tr><td>2<\/td><td>Maria Pereira Nunes Lucena<\/td><td>471<\/td><td>Titular<\/td><\/tr><tr><td>3<\/td><td>Ubiratan Galv\u00e3o da Silva Junior<\/td><td>433<\/td><td>Titular<\/td><\/tr><tr><td>4<\/td><td>Fl\u00e1via Marques da Costa<\/td><td>398<\/td><td>Titular<\/td><\/tr><tr><td>5<\/td><td>W\u00e9lica da Silva Queiroz<\/td><td>393<\/td><td>Titular<\/td><\/tr><tr><td>6<\/td><td>Raimundo Carlos Pereira da Silva<\/td><td>377<\/td><td>Suplente<\/td><\/tr><tr><td>7<\/td><td>Delcy Moraes Alves**<\/td><td>366<\/td><td>Suplente<\/td><\/tr><tr><td>8<\/td><td>Maria de Jesus Fialho Barros \u2013&nbsp;<em>Sub judice<\/em><\/td><td>366<\/td><td>Suplente<\/td><\/tr><tr><td>9<\/td><td>Carminha Pereira de Fran\u00e7a<\/td><td>339<\/td><td>Suplente<\/td><\/tr><tr><td>10<\/td><td>Raimundo Barreira Lustosa de Sousa<\/td><td>283<\/td><td>Suplente<\/td><\/tr><\/tbody><\/table>\n","protected":false},"excerpt":{"rendered":"<p>A Prefeitura de Palmas por meio do Conselho Municipal dos Direitos da Crian\u00e7a e do Adolescente de Palmas (CMDCA), divulgou na edi\u00e7\u00e3o&nbsp;n\u00ba 2.372&nbsp;do Di\u00e1rio Oficial do Munic\u00edpio, dessa \u00faltima segunda-feira, 18, o resultado final da elei\u00e7\u00e3o do processo de escolha para novos membros do Conselho Tutelar de Palmas. Os novos membros atuar\u00e3o no quadri\u00eanio 2020\/2023.&nbsp; [&hellip;]<\/p>\n","protected":false},"author":2,"featured_media":4371,"comment_status":"open","ping_status":"open","sticky":false,"template":"","format":"standard","meta":[],"categories":[3],"tags":[],"_links":{"self":[{"href":"https:\/\/dgospel.com.br\/portal\/index.php\/wp-json\/wp\/v2\/posts\/4370"}],"collection":[{"href":"https:\/\/dgospel.com.br\/portal\/index.php\/wp-json\/wp\/v2\/posts"}],"about":[{"href":"https:\/\/dgospel.com.br\/portal\/index.php\/wp-json\/wp\/v2\/types\/post"}],"author":[{"embeddable":true,"href":"https:\/\/dgospel.com.br\/portal\/index.php\/wp-json\/wp\/v2\/users\/2"}],"replies":[{"embeddable":true,"href":"https:\/\/dgospel.com.br\/portal\/index.php\/wp-json\/wp\/v2\/comments?post=4370"}],"version-history":[{"count":1,"href":"https:\/\/dgospel.com.br\/portal\/index.php\/wp-json\/wp\/v2\/posts\/4370\/revisions"}],"predecessor-version":[{"id":4372,"href":"https:\/\/dgospel.com.br\/portal\/index.php\/wp-json\/wp\/v2\/posts\/4370\/revisions\/4372"}],"wp:featuredmedia":[{"embeddable":true,"href":"https:\/\/dgospel.com.br\/portal\/index.php\/wp-json\/wp\/v2\/media\/4371"}],"wp:attachment":[{"href":"https:\/\/dgospel.com.br\/portal\/index.php\/wp-json\/wp\/v2\/media?parent=4370"}],"wp:term":[{"taxonomy":"category","embeddable":true,"href":"https:\/\/dgospel.com.br\/portal\/index.php\/wp-json\/wp\/v2\/categories?post=4370"},{"taxonomy":"post_tag","embeddable":true,"href":"https:\/\/dgospel.com.br\/portal\/index.php\/wp-json\/wp\/v2\/tags?post=4370"}],"curies":[{"name":"wp","href":"https:\/\/api.w.org\/{rel}","templated":true}]}}