{"id":4376,"date":"2019-11-20T20:51:18","date_gmt":"2019-11-20T23:51:18","guid":{"rendered":"http:\/\/dgospel.com.br\/portal\/?p=4376"},"modified":"2019-11-20T20:51:19","modified_gmt":"2019-11-20T23:51:19","slug":"governador-carlesse-busca-mais-recursos-para-seguranca-publica-em-audiencia-com-ministro-moro","status":"publish","type":"post","link":"https:\/\/dgospel.com.br\/portal\/index.php\/2019\/11\/20\/governador-carlesse-busca-mais-recursos-para-seguranca-publica-em-audiencia-com-ministro-moro\/","title":{"rendered":"Governador Carlesse busca mais recursos para Seguran\u00e7a P\u00fablica em audi\u00eancia com ministro Moro"},"content":{"rendered":"\n<p>O governador do Estado do Tocantins, Mauro Carlesse, cumpre agenda em Bras\u00edlia nesta quarta-feira, 20. O primeiro compromisso do dia foi uma audi\u00eancia com o ministro da Justi\u00e7a e Seguran\u00e7a P\u00fablica, S\u00e9rgio Moro. O senador Eduardo Gomes, l\u00edder do Governo no Congresso, e os secret\u00e1rios de Seguran\u00e7a P\u00fablica (SSP), Cristiano Sampaio, e da Cidadania e Justi\u00e7a (Seciju), Heber Fidelis, participaram da reuni\u00e3o.<\/p>\n\n\n\n<p>Na pauta da reuni\u00e3o, a apresenta\u00e7\u00e3o do plano de investimentos dos recursos j\u00e1 assegurados junto ao Minist\u00e9rio em virtude das altera\u00e7\u00f5es realizadas pelo Governo do Estado ao longo do ano e a apresenta\u00e7\u00e3o do Plano Estadual de Seguran\u00e7a P\u00fablica. \u201cFoi uma reuni\u00e3o muito produtiva. O que a gente quer \u00e9 aumentar o investimento em Seguran\u00e7a P\u00fablica, equipar melhor as nossas pol\u00edcias e prestar cada vez mais um servi\u00e7o melhor para a Popula\u00e7\u00e3o. Um Estado seguro \u00e9 fator de desenvolvimento, porque poderemos oferecer uma condi\u00e7\u00e3o de tranquilidade para quem mora no Estado e para quem vem investir ou fazer turismo. Esse \u00e9 mais um diferencial do Tocantins que precisa&nbsp;trabalhar bem para ajudar a gerar oportunidades para a nossa gente\u201d, disse o Governador.<\/p>\n\n\n\n<p>Em rela\u00e7\u00e3o aos recursos j\u00e1 assegurados para 2019, na ordem de R$ 5 milh\u00f5es, o governador Mauro Carlesse apresentou o plano de investimentos que contempla todas as \u00e1reas da Seguran\u00e7a P\u00fablica, visando melhorar as condi\u00e7\u00f5es de trabalho dos agentes de seguran\u00e7a e a presta\u00e7\u00e3o de servi\u00e7os para a popula\u00e7\u00e3o. Dentre as \u00e1reas contempladas est\u00e3o&nbsp;a Pol\u00edcia Civil com reforma de suas unidades; a Pol\u00edcia Militar com investimentos em armamentos e computadores; o Corpo de Bombeiros&nbsp;com aquisi\u00e7\u00e3o de unidades de resgate e materiais para salvamento; a&nbsp;Pol\u00edcia Cient\u00edfica com aquisi\u00e7\u00e3o de equipamentos para per\u00edcia em locais de crime; para a Seciju, investimento no projeto de ressocializa\u00e7\u00e3o de apenados; e&nbsp;para SSP implanta\u00e7\u00e3o do centro integrado de opera\u00e7\u00f5es e controle.<\/p>\n\n\n\n<p>\u201cAs metas determinadas pelo Minist\u00e9rio da Justi\u00e7a foram e est\u00e3o sendo cumpridas para que a nossa popula\u00e7\u00e3o tenha mais seguran\u00e7a e tranquilidade. Esse tem sido o nosso trabalho, de levar um servi\u00e7o de qualidade para as pessoas\u201d, finalizou o Governador.<\/p>\n","protected":false},"excerpt":{"rendered":"<p>O governador do Estado do Tocantins, Mauro Carlesse, cumpre agenda em Bras\u00edlia nesta quarta-feira, 20. O primeiro compromisso do dia foi uma audi\u00eancia com o ministro da Justi\u00e7a e Seguran\u00e7a P\u00fablica, S\u00e9rgio Moro. O senador Eduardo Gomes, l\u00edder do Governo no Congresso, e os secret\u00e1rios de Seguran\u00e7a P\u00fablica (SSP), Cristiano Sampaio, e da Cidadania e [&hellip;]<\/p>\n","protected":false},"author":2,"featured_media":4377,"comment_status":"open","ping_status":"open","sticky":false,"template":"","format":"standard","meta":[],"categories":[4],"tags":[],"_links":{"self":[{"href":"https:\/\/dgospel.com.br\/portal\/index.php\/wp-json\/wp\/v2\/posts\/4376"}],"collection":[{"href":"https:\/\/dgospel.com.br\/portal\/index.php\/wp-json\/wp\/v2\/posts"}],"about":[{"href":"https:\/\/dgospel.com.br\/portal\/index.php\/wp-json\/wp\/v2\/types\/post"}],"author":[{"embeddable":true,"href":"https:\/\/dgospel.com.br\/portal\/index.php\/wp-json\/wp\/v2\/users\/2"}],"replies":[{"embeddable":true,"href":"https:\/\/dgospel.com.br\/portal\/index.php\/wp-json\/wp\/v2\/comments?post=4376"}],"version-history":[{"count":1,"href":"https:\/\/dgospel.com.br\/portal\/index.php\/wp-json\/wp\/v2\/posts\/4376\/revisions"}],"predecessor-version":[{"id":4378,"href":"https:\/\/dgospel.com.br\/portal\/index.php\/wp-json\/wp\/v2\/posts\/4376\/revisions\/4378"}],"wp:featuredmedia":[{"embeddable":true,"href":"https:\/\/dgospel.com.br\/portal\/index.php\/wp-json\/wp\/v2\/media\/4377"}],"wp:attachment":[{"href":"https:\/\/dgospel.com.br\/portal\/index.php\/wp-json\/wp\/v2\/media?parent=4376"}],"wp:term":[{"taxonomy":"category","embeddable":true,"href":"https:\/\/dgospel.com.br\/portal\/index.php\/wp-json\/wp\/v2\/categories?post=4376"},{"taxonomy":"post_tag","embeddable":true,"href":"https:\/\/dgospel.com.br\/portal\/index.php\/wp-json\/wp\/v2\/tags?post=4376"}],"curies":[{"name":"wp","href":"https:\/\/api.w.org\/{rel}","templated":true}]}}