{"id":4382,"date":"2019-11-20T20:56:43","date_gmt":"2019-11-20T23:56:43","guid":{"rendered":"http:\/\/dgospel.com.br\/portal\/?p=4382"},"modified":"2019-11-20T20:56:44","modified_gmt":"2019-11-20T23:56:44","slug":"educacao-premia-professores-e-gestores-como-forma-de-valorizar-o-trabalho-realizado-nas-escolas","status":"publish","type":"post","link":"https:\/\/dgospel.com.br\/portal\/index.php\/2019\/11\/20\/educacao-premia-professores-e-gestores-como-forma-de-valorizar-o-trabalho-realizado-nas-escolas\/","title":{"rendered":"Educa\u00e7\u00e3o premia professores e gestores como forma de valorizar o trabalho realizado nas escolas"},"content":{"rendered":"\n<p>No encerramento do I Semin\u00e1rio de L\u00edderes Educacionais do Tocantins realizado pelo Governo do Estado, por meio da Secretaria da Educa\u00e7\u00e3o, Juventude e Esportes (Seduc), a secret\u00e1ria Adriana Aguiar e o secret\u00e1rio Executivo, Robson Vila Nova, premiaram professores e homenagearam gestores escolares como forma de valorizar o trabalho realizado nas escolas e as iniciativas de sucesso.<\/p>\n\n\n\n<p>A Seduc entregou pr\u00eamios aos professores que foram destaques em apresenta\u00e7\u00f5es de v\u00eddeos retratando suas experi\u00eancias na campanha Professor Quem Educa, Faz!, realizada em parceria com uma emissora de r\u00e1dio. A Seduc contabilizou uma participa\u00e7\u00e3o significativa de professores que expressaram suas ideias e estrat\u00e9gias de ensino. E a Diretoria Regional de Educa\u00e7\u00e3o de Colinas foi a que teve o maior n\u00famero de professores participantes.<\/p>\n\n\n\n<p>Foram homenageados com diploma de honra ao m\u00e9rito dois diretores escolares de cada uma das 13 Diretorias Regionais de Educa\u00e7\u00e3o, como forma de valorizar os profissionais que se destacam pela lideran\u00e7a e realiza\u00e7\u00e3o de projetos de sucesso.<\/p>\n\n\n\n<p>A secret\u00e1ria Adriana Aguiar explicou que a educa\u00e7\u00e3o do Tocantins vem presenciando resultados significativos para a rede de ensino. \u201cEssa premia\u00e7\u00e3o representa uma forma de valorizar os profissionais que est\u00e3o se esfor\u00e7ando para termos uma educa\u00e7\u00e3o de qualidade, como tamb\u00e9m representa uma forma de divulgar tantas a\u00e7\u00f5es e projetos que est\u00e3o sendo realizados pelas escolas\u201d, explicou.<\/p>\n","protected":false},"excerpt":{"rendered":"<p>No encerramento do I Semin\u00e1rio de L\u00edderes Educacionais do Tocantins realizado pelo Governo do Estado, por meio da Secretaria da Educa\u00e7\u00e3o, Juventude e Esportes (Seduc), a secret\u00e1ria Adriana Aguiar e o secret\u00e1rio Executivo, Robson Vila Nova, premiaram professores e homenagearam gestores escolares como forma de valorizar o trabalho realizado nas escolas e as iniciativas de [&hellip;]<\/p>\n","protected":false},"author":2,"featured_media":4383,"comment_status":"open","ping_status":"open","sticky":false,"template":"","format":"standard","meta":[],"categories":[3],"tags":[],"_links":{"self":[{"href":"https:\/\/dgospel.com.br\/portal\/index.php\/wp-json\/wp\/v2\/posts\/4382"}],"collection":[{"href":"https:\/\/dgospel.com.br\/portal\/index.php\/wp-json\/wp\/v2\/posts"}],"about":[{"href":"https:\/\/dgospel.com.br\/portal\/index.php\/wp-json\/wp\/v2\/types\/post"}],"author":[{"embeddable":true,"href":"https:\/\/dgospel.com.br\/portal\/index.php\/wp-json\/wp\/v2\/users\/2"}],"replies":[{"embeddable":true,"href":"https:\/\/dgospel.com.br\/portal\/index.php\/wp-json\/wp\/v2\/comments?post=4382"}],"version-history":[{"count":1,"href":"https:\/\/dgospel.com.br\/portal\/index.php\/wp-json\/wp\/v2\/posts\/4382\/revisions"}],"predecessor-version":[{"id":4384,"href":"https:\/\/dgospel.com.br\/portal\/index.php\/wp-json\/wp\/v2\/posts\/4382\/revisions\/4384"}],"wp:featuredmedia":[{"embeddable":true,"href":"https:\/\/dgospel.com.br\/portal\/index.php\/wp-json\/wp\/v2\/media\/4383"}],"wp:attachment":[{"href":"https:\/\/dgospel.com.br\/portal\/index.php\/wp-json\/wp\/v2\/media?parent=4382"}],"wp:term":[{"taxonomy":"category","embeddable":true,"href":"https:\/\/dgospel.com.br\/portal\/index.php\/wp-json\/wp\/v2\/categories?post=4382"},{"taxonomy":"post_tag","embeddable":true,"href":"https:\/\/dgospel.com.br\/portal\/index.php\/wp-json\/wp\/v2\/tags?post=4382"}],"curies":[{"name":"wp","href":"https:\/\/api.w.org\/{rel}","templated":true}]}}