{"id":4391,"date":"2019-11-20T21:15:44","date_gmt":"2019-11-21T00:15:44","guid":{"rendered":"http:\/\/dgospel.com.br\/portal\/?p=4391"},"modified":"2019-11-20T21:15:46","modified_gmt":"2019-11-21T00:15:46","slug":"bolsonaro-preside-reuniao-do-conselho-de-governo","status":"publish","type":"post","link":"https:\/\/dgospel.com.br\/portal\/index.php\/2019\/11\/20\/bolsonaro-preside-reuniao-do-conselho-de-governo\/","title":{"rendered":"Bolsonaro preside reuni\u00e3o do Conselho de Governo"},"content":{"rendered":"\n<p>O presidente Jair Bolsonaro comanda hoje (19) a 23\u00aa reuni\u00e3o do Conselho de Governo, no Pal\u00e1cio da Alvorada, em Bras\u00edlia. Periodicamente, o alto escal\u00e3o se re\u00fane para avaliar as a\u00e7\u00f5es desenvolvidas e discutir as prioridades da agenda do governo federal.<\/p>\n\n\n\n<p>O encontro come\u00e7ou por volta das 9h e deve se estender durante toda a manh\u00e3. Ap\u00f3s a reuni\u00e3o, est\u00e1 prevista uma cerim\u00f4nia de hasteamento da bandeira, na \u00e1rea externa do Alvorada.<\/p>\n\n\n\n<p>Desde o in\u00edcio do mandato, o presidente re\u00fane a equipe ministerial para o momento c\u00edvico na entrada da sua resid\u00eancia oficial. Normalmente, a cerim\u00f4nia acontece \u00e0s 8h, mas hoje, em raz\u00e3o do Dia da Bandeira, o hasteamento ser\u00e1 \u00e0s 12h. O protocolo especial para o dia 19 de novembro \u00e9 definido pela Lei N\u00ba 5.700, de 1971, que trata sobre a forma e apresenta\u00e7\u00e3o dos s\u00edmbolos nacionais.<\/p>\n\n\n\n<p>\u00c0 tarde, no Pal\u00e1cio do Planalto, tamb\u00e9m est\u00e1 marcada uma solenidade de comemora\u00e7\u00e3o do Dia da Bandeira, junto com o an\u00fancio da amplia\u00e7\u00e3o do Programa Educa\u00e7\u00e3o Conectada, do Minist\u00e9rio da Educa\u00e7\u00e3o.<\/p>\n\n\n\n<p>O programa tem o objetivo de apoiar a universaliza\u00e7\u00e3o do acesso \u00e0 internet em alta velocidade e fomentar o uso pedag\u00f3gico de tecnologias digitais na educa\u00e7\u00e3o b\u00e1sica.<\/p>\n\n\n\n<p><strong>Fonte: Ag\u00eancia Brasil &#8211; Foto: Arquivo\/Valter Campanato\/Ag\u00eancia Brasil<\/strong><\/p>\n","protected":false},"excerpt":{"rendered":"<p>O presidente Jair Bolsonaro comanda hoje (19) a 23\u00aa reuni\u00e3o do Conselho de Governo, no Pal\u00e1cio da Alvorada, em Bras\u00edlia. Periodicamente, o alto escal\u00e3o se re\u00fane para avaliar as a\u00e7\u00f5es desenvolvidas e discutir as prioridades da agenda do governo federal. O encontro come\u00e7ou por volta das 9h e deve se estender durante toda a manh\u00e3. [&hellip;]<\/p>\n","protected":false},"author":2,"featured_media":4392,"comment_status":"open","ping_status":"open","sticky":false,"template":"","format":"standard","meta":[],"categories":[4],"tags":[],"_links":{"self":[{"href":"https:\/\/dgospel.com.br\/portal\/index.php\/wp-json\/wp\/v2\/posts\/4391"}],"collection":[{"href":"https:\/\/dgospel.com.br\/portal\/index.php\/wp-json\/wp\/v2\/posts"}],"about":[{"href":"https:\/\/dgospel.com.br\/portal\/index.php\/wp-json\/wp\/v2\/types\/post"}],"author":[{"embeddable":true,"href":"https:\/\/dgospel.com.br\/portal\/index.php\/wp-json\/wp\/v2\/users\/2"}],"replies":[{"embeddable":true,"href":"https:\/\/dgospel.com.br\/portal\/index.php\/wp-json\/wp\/v2\/comments?post=4391"}],"version-history":[{"count":1,"href":"https:\/\/dgospel.com.br\/portal\/index.php\/wp-json\/wp\/v2\/posts\/4391\/revisions"}],"predecessor-version":[{"id":4393,"href":"https:\/\/dgospel.com.br\/portal\/index.php\/wp-json\/wp\/v2\/posts\/4391\/revisions\/4393"}],"wp:featuredmedia":[{"embeddable":true,"href":"https:\/\/dgospel.com.br\/portal\/index.php\/wp-json\/wp\/v2\/media\/4392"}],"wp:attachment":[{"href":"https:\/\/dgospel.com.br\/portal\/index.php\/wp-json\/wp\/v2\/media?parent=4391"}],"wp:term":[{"taxonomy":"category","embeddable":true,"href":"https:\/\/dgospel.com.br\/portal\/index.php\/wp-json\/wp\/v2\/categories?post=4391"},{"taxonomy":"post_tag","embeddable":true,"href":"https:\/\/dgospel.com.br\/portal\/index.php\/wp-json\/wp\/v2\/tags?post=4391"}],"curies":[{"name":"wp","href":"https:\/\/api.w.org\/{rel}","templated":true}]}}