{"id":4394,"date":"2019-11-21T11:07:47","date_gmt":"2019-11-21T14:07:47","guid":{"rendered":"http:\/\/dgospel.com.br\/portal\/?p=4394"},"modified":"2019-11-21T11:07:48","modified_gmt":"2019-11-21T14:07:48","slug":"vereador-filipe-martins-solicita-criacao-da-capelania-evangelica-voluntaria-em-palmas","status":"publish","type":"post","link":"https:\/\/dgospel.com.br\/portal\/index.php\/2019\/11\/21\/vereador-filipe-martins-solicita-criacao-da-capelania-evangelica-voluntaria-em-palmas\/","title":{"rendered":"Vereador Filipe Martins solicita cria\u00e7\u00e3o da Capelania Evang\u00e9lica Volunt\u00e1ria em Palmas"},"content":{"rendered":"\n<p>A cria\u00e7\u00e3o da Capelania Evang\u00e9lica Volunt\u00e1ria em Palmas, solicitada atrav\u00e9s de um Projeto de Lei do vereador Filipe Martins (PSC) acaba de ser aprovada na Comiss\u00e3o de Constitui\u00e7\u00e3o e Justi\u00e7a (CCJ) da C\u00e2mara de Vereadores da Capital.<\/p>\n\n\n\n<p>Trata-se de um servi\u00e7o de assist\u00eancia religiosa com o objetivo de contribuir para o bem estar religioso e espiritual, com atua\u00e7\u00e3o nas \u00e1reas da guarda municipal, prisional, infantil, f\u00fanebre, hospitalar, social, estudantil, esportiva, meio ambiente e p\u00f3s-desastre ecol\u00f3gico.<\/p>\n\n\n\n<p>Conforme a proposta, a atividade n\u00e3o trar\u00e1 custos aos cofres p\u00fablicos, pois os futuros capel\u00e3es seriam volunt\u00e1rios. A sugest\u00e3o \u00e9 que o Executivo Municipal feche parcerias com as faculdades teol\u00f3gicas, semin\u00e1rios e igrejas evang\u00e9licas para o ingresso na capelania de Palmas.<\/p>\n\n\n\n<p>Depois de passar pelas comiss\u00f5es, a proposi\u00e7\u00e3o segue agora para o plen\u00e1rio e, se aprovada, para san\u00e7\u00e3o da prefeita para virar lei.\u00c1rea de anexos<br><\/p>\n","protected":false},"excerpt":{"rendered":"<p>A cria\u00e7\u00e3o da Capelania Evang\u00e9lica Volunt\u00e1ria em Palmas, solicitada atrav\u00e9s de um Projeto de Lei do vereador Filipe Martins (PSC) acaba de ser aprovada na Comiss\u00e3o de Constitui\u00e7\u00e3o e Justi\u00e7a (CCJ) da C\u00e2mara de Vereadores da Capital. Trata-se de um servi\u00e7o de assist\u00eancia religiosa com o objetivo de contribuir para o bem estar religioso e [&hellip;]<\/p>\n","protected":false},"author":2,"featured_media":4395,"comment_status":"open","ping_status":"open","sticky":false,"template":"","format":"standard","meta":[],"categories":[8],"tags":[],"_links":{"self":[{"href":"https:\/\/dgospel.com.br\/portal\/index.php\/wp-json\/wp\/v2\/posts\/4394"}],"collection":[{"href":"https:\/\/dgospel.com.br\/portal\/index.php\/wp-json\/wp\/v2\/posts"}],"about":[{"href":"https:\/\/dgospel.com.br\/portal\/index.php\/wp-json\/wp\/v2\/types\/post"}],"author":[{"embeddable":true,"href":"https:\/\/dgospel.com.br\/portal\/index.php\/wp-json\/wp\/v2\/users\/2"}],"replies":[{"embeddable":true,"href":"https:\/\/dgospel.com.br\/portal\/index.php\/wp-json\/wp\/v2\/comments?post=4394"}],"version-history":[{"count":1,"href":"https:\/\/dgospel.com.br\/portal\/index.php\/wp-json\/wp\/v2\/posts\/4394\/revisions"}],"predecessor-version":[{"id":4396,"href":"https:\/\/dgospel.com.br\/portal\/index.php\/wp-json\/wp\/v2\/posts\/4394\/revisions\/4396"}],"wp:featuredmedia":[{"embeddable":true,"href":"https:\/\/dgospel.com.br\/portal\/index.php\/wp-json\/wp\/v2\/media\/4395"}],"wp:attachment":[{"href":"https:\/\/dgospel.com.br\/portal\/index.php\/wp-json\/wp\/v2\/media?parent=4394"}],"wp:term":[{"taxonomy":"category","embeddable":true,"href":"https:\/\/dgospel.com.br\/portal\/index.php\/wp-json\/wp\/v2\/categories?post=4394"},{"taxonomy":"post_tag","embeddable":true,"href":"https:\/\/dgospel.com.br\/portal\/index.php\/wp-json\/wp\/v2\/tags?post=4394"}],"curies":[{"name":"wp","href":"https:\/\/api.w.org\/{rel}","templated":true}]}}