{"id":4403,"date":"2019-11-21T12:07:12","date_gmt":"2019-11-21T15:07:12","guid":{"rendered":"http:\/\/dgospel.com.br\/portal\/?p=4403"},"modified":"2019-11-21T12:07:14","modified_gmt":"2019-11-21T15:07:14","slug":"damares-confirma-criacao-de-canal-para-denunciar-ideologia-de-genero-nas-escolas","status":"publish","type":"post","link":"https:\/\/dgospel.com.br\/portal\/index.php\/2019\/11\/21\/damares-confirma-criacao-de-canal-para-denunciar-ideologia-de-genero-nas-escolas\/","title":{"rendered":"Damares confirma cria\u00e7\u00e3o de canal para denunciar ideologia de g\u00eanero nas escolas"},"content":{"rendered":"\n<p>Na \u00faltima ter\u00e7a-feira (19), a ministra da Mulher, da Fam\u00edlia e dos Direitos Humanos, Damares Alves, confirmou que o governo federal est\u00e1 preparando a cria\u00e7\u00e3o de um canal para que pais e alunos possam denunciar casos em que professores \/ escolas estejam atentando contra a moral, a religi\u00e3o e a \u00e9tica das fam\u00edlia, promovendo ideologia de g\u00eanero, abordando temas relacionados \u00e0 sexualidade em contextos inadequados ou outros tipos de doutrina\u00e7\u00e3o ideol\u00f3gica.<\/p>\n\n\n\n<p>Estando em Belo Horizonte para participar de audi\u00eancia p\u00fablica na Assembleia Legislativa sobre suic\u00eddio e automutila\u00e7\u00e3o entre jovens, Damares tamb\u00e9m concedeu uma entrevista coletiva \u00e0 imprensa, falando sobre a cria\u00e7\u00e3o do canal e explicando que o dispositivo ser\u00e1 anunciado oficialmente ainda este ano. Por\u00e9m n\u00e3o entrou em detalhes sobre o funcionamento do sistema.<\/p>\n\n\n\n<p>&#8220;O canal est\u00e1 sendo formatado entre os minist\u00e9rios da Educa\u00e7\u00e3o e dos Direitos Humanos. Vai ser anunciado em breve. O que queremos \u00e9 somente o cumprimento da lei. O Brasil \u00e9 signat\u00e1rio do Pacto de S\u00e3o Jos\u00e9 da Costa Rica. L\u00e1 est\u00e1 dizendo que a escola n\u00e3o pode ensinar nada que atente contra a moral, a religi\u00e3o e a \u00e9tica da fam\u00edlia&#8221;, disse a ministra.<\/p>\n\n\n\n<p>O Minist\u00e9rio da Educa\u00e7\u00e3o ainda n\u00e3o se manifestou sobre o assunto.<\/p>\n\n\n\n<p>Como exemplo da import\u00e2ncia de um canal como esse, Damares citou o caso do professor de portugu\u00eas Wendel Santana, de 25 anos, do Distrito Federal, que escreveu no quadro palavras de baixo cal\u00e3o, fazendo refer\u00eancia a sexo oral, anal e outras posi\u00e7\u00f5es sexuais para depois pedir aos seus alunos que fizessem uma reda\u00e7\u00e3o sobre o assunto.<\/p>\n\n\n\n<p>\u201cN\u00f3s queremos t\u00e3o somente o cumprimento da lei. O Brasil \u00e9 signat\u00e1rio do Pacto de S\u00e3o Jos\u00e9 da Costa Rica, no qual est\u00e1 dizendo que a escola n\u00e3o pode ensinar nada que atente contra a moral, a religi\u00e3o e a \u00e9tica da fam\u00edlia. A fam\u00edlia precisa ser ouvida. O que queremos trabalhar no Brasil \u00e9 uma parceria de escola e fam\u00edlia. A fam\u00edlia sendo consultada, mas n\u00e3o delegando suas responsabilidades&#8221;, disse.<\/p>\n\n\n\n<p>Cr\u00edtico da promo\u00e7\u00e3o da ideologia de g\u00eanero e de outros tipos de doutrina\u00e7\u00e3o ideol\u00f3gica nas escolas e universidades, o governo Bolsonaro acaba fazendo eco com a proposta do Movimento Escola Sem Partido, que visa deixar as quest\u00f5es pol\u00edtico-ideol\u00f3gicas fora da sala de aula. Nos \u00faltimos anos, t\u00eam tramitado no Congresso e nos Legislativos locais projetos de lei inspirados nessa proposta.<\/p>\n\n\n\n<p>Durante a coletiva, Damares destacou que a cria\u00e7\u00e3o do dispositivo n\u00e3o \u00e9 uma ferramenta para proibir a escola de abordar quest\u00f5es relacionadas \u00e0 sexualidade, por\u00e9m explicou que h\u00e1 as formas corretas de se fazer isso, \u201cobedecendo \u00e0s especificidades da idade, com professor preparado, como era h\u00e1 muitos anos atr\u00e1s\u201d.<\/p>\n\n\n\n<p>&#8220;Temos o conceito do que \u00e9 bom. O professor tem bom senso. N\u00e3o vamos de forma alguma instaurar uma guerra contra a escola. Tudo o que a gente quer \u00e9 uma parceria entre escola e fam\u00edlia. E \u00e9 poss\u00edvel&#8221;, afirmou.<\/p>\n\n\n\n<p>&#8220;\u00c9 poss\u00edvel falar de todos esses temas de forma did\u00e1tica, de forma educativa. O que estamos falando \u00e9 sobre os absurdos que aconteceram como ontem&#8221;, disse ela, se referindo ao professor de Bras\u00edlia. \u201cN\u00e3o existe aqui nenhum governo radical, opressor, que vai proibir falar sobre esses temas, obedecendo, repito, ao material did\u00e1tico certo, \u00e0 idade certa e \u00e0 forma certa com as crian\u00e7as&#8221;.<\/p>\n\n\n\n<p>Confira o v\u00eddeo da entrevista coletiva,&nbsp;<a href=\"https:\/\/www.facebook.com\/FernandoFrancischiniBR\/videos\/419728328938518\/\" target=\"_blank\" rel=\"noreferrer noopener\">nesse link<\/a>.<\/p>\n\n\n\n<p><strong>Fonte: Guia-me \/ com informa\u00e7\u00f5es do Estad\u00e3o &#8211; Foto: Valter Campanato \/ Ag\u00eancia Brasil)<\/strong><\/p>\n","protected":false},"excerpt":{"rendered":"<p>Na \u00faltima ter\u00e7a-feira (19), a ministra da Mulher, da Fam\u00edlia e dos Direitos Humanos, Damares Alves, confirmou que o governo federal est\u00e1 preparando a cria\u00e7\u00e3o de um canal para que pais e alunos possam denunciar casos em que professores \/ escolas estejam atentando contra a moral, a religi\u00e3o e a \u00e9tica das fam\u00edlia, promovendo ideologia [&hellip;]<\/p>\n","protected":false},"author":2,"featured_media":4404,"comment_status":"open","ping_status":"open","sticky":false,"template":"","format":"standard","meta":[],"categories":[6,4],"tags":[],"_links":{"self":[{"href":"https:\/\/dgospel.com.br\/portal\/index.php\/wp-json\/wp\/v2\/posts\/4403"}],"collection":[{"href":"https:\/\/dgospel.com.br\/portal\/index.php\/wp-json\/wp\/v2\/posts"}],"about":[{"href":"https:\/\/dgospel.com.br\/portal\/index.php\/wp-json\/wp\/v2\/types\/post"}],"author":[{"embeddable":true,"href":"https:\/\/dgospel.com.br\/portal\/index.php\/wp-json\/wp\/v2\/users\/2"}],"replies":[{"embeddable":true,"href":"https:\/\/dgospel.com.br\/portal\/index.php\/wp-json\/wp\/v2\/comments?post=4403"}],"version-history":[{"count":1,"href":"https:\/\/dgospel.com.br\/portal\/index.php\/wp-json\/wp\/v2\/posts\/4403\/revisions"}],"predecessor-version":[{"id":4405,"href":"https:\/\/dgospel.com.br\/portal\/index.php\/wp-json\/wp\/v2\/posts\/4403\/revisions\/4405"}],"wp:featuredmedia":[{"embeddable":true,"href":"https:\/\/dgospel.com.br\/portal\/index.php\/wp-json\/wp\/v2\/media\/4404"}],"wp:attachment":[{"href":"https:\/\/dgospel.com.br\/portal\/index.php\/wp-json\/wp\/v2\/media?parent=4403"}],"wp:term":[{"taxonomy":"category","embeddable":true,"href":"https:\/\/dgospel.com.br\/portal\/index.php\/wp-json\/wp\/v2\/categories?post=4403"},{"taxonomy":"post_tag","embeddable":true,"href":"https:\/\/dgospel.com.br\/portal\/index.php\/wp-json\/wp\/v2\/tags?post=4403"}],"curies":[{"name":"wp","href":"https:\/\/api.w.org\/{rel}","templated":true}]}}