{"id":4407,"date":"2019-11-26T12:10:40","date_gmt":"2019-11-26T15:10:40","guid":{"rendered":"http:\/\/dgospel.com.br\/portal\/?p=4407"},"modified":"2019-11-26T12:10:42","modified_gmt":"2019-11-26T15:10:42","slug":"unale-2019-tocantins-amplia-representatividade-junto-a-instituicao","status":"publish","type":"post","link":"https:\/\/dgospel.com.br\/portal\/index.php\/2019\/11\/26\/unale-2019-tocantins-amplia-representatividade-junto-a-instituicao\/","title":{"rendered":"Unale 2019: Tocantins amplia representatividade junto \u00e0 institui\u00e7\u00e3o"},"content":{"rendered":"\n<p>Chegou ao fim a 23\u00aa Confer\u00eancia da Uni\u00e3o Nacional dos Legisladores e Legislativos Estaduais (Unale), e o balan\u00e7o da participa\u00e7\u00e3o de parlamentares e servidores tocantinenses pode ser considerado positivo por v\u00e1rios aspectos. O evento ocorreu de 20 a 22 de novembro, em Salvador (BA).<\/p>\n\n\n\n<p>O Tocantins ampliou sua participa\u00e7\u00e3o junto \u00e0 diretoria da institui\u00e7\u00e3o, com a escolha de dois deputados que v\u00e3o atuar na gest\u00e3o do pr\u00f3ximo bi\u00eanio (2020\/2021), que ter\u00e1 a deputada Ivana Bastos (PSD-BA) como presidente. O deputado Ricardo Ayres (PSB) foi eleito vice-presidente e o deputado Olyntho Neto (PSDB), secret\u00e1rio no \u00e2mbito do Estado.<\/p>\n\n\n\n<p>\u201cEstou muito animado com esta miss\u00e3o que me foi dada. Agrade\u00e7o ao presidente Antonio Andrade, que indicou meu nome. Tenho certeza de que vamos fazer um bom trabalho, dialogando com outras Assembleias e fortalecendo os parlamentos\u201d, disse Ricardo Ayres.<\/p>\n\n\n\n<p>Olyntho Neto tamb\u00e9m enalteceu a participa\u00e7\u00e3o do Tocantins na Unale. \u201cParticipar da Diretoria da Unale neste bi\u00eanio ser\u00e1 uma satisfa\u00e7\u00e3o. Vamos levar propostas e sugest\u00f5es, ressaltando nosso Tocantins para que todo o Brasil conhe\u00e7a os potenciais econ\u00f4micos e tur\u00edsticos. Temos um agroneg\u00f3cio forte e fazemos quest\u00e3o de enfatiz\u00e1-lo aos demais colegas parlamentares\u201d, disse.<br><\/p>\n\n\n\n<p>J\u00e1 a deputada Luana Ribeiro (PSDB) passa a fazer parte da Comiss\u00e3o de Seguran\u00e7a P\u00fablica, e o deputado L\u00e9o Barbosa (SD) vai ser o representante do Estado no Parlamento Amaz\u00f4nico, entidade que congrega as Assembleias Legislativas dos nove Estados que comp\u00f5em a Amaz\u00f4nia brasileira: Acre, Amap\u00e1, Amazonas, Mato Grosso, Maranh\u00e3o, Par\u00e1, Rond\u00f4nia, Roraima e Tocantins.<\/p>\n\n\n\n<p>A articula\u00e7\u00e3o dos nomes indicados foi feita pelo presidente da Casa, deputado Antonio Andrade (PTB).&nbsp;\u201cSempre tivemos uma participa\u00e7\u00e3o efetiva junto \u00e0 Unale e fico feliz de agora aumentarmos nossa contribui\u00e7\u00e3o. Os nomes indicados e eleitos na assembleia geral t\u00eam condi\u00e7\u00f5es de fazer um excelente trabalho&#8221;, afirmou Andrade.<\/p>\n\n\n\n<p>Novas ideias<\/p>\n\n\n\n<p>Quem tamb\u00e9m considerou positiva a participa\u00e7\u00e3o dos representantes do Tocantins foram os servidores da Casa presentes no evento. Eles puderam participar de cursos e palestras nas \u00e1reas de recursos humanos, seguran\u00e7a e acompanhar cases de sucesso, como o apresentado pelo secret\u00e1rio de Turismo da Bahia, Fausto Franco, que teve Antonio Andrade como mediador.<\/p>\n\n\n\n<p>\u201cO n\u00edvel do Congresso enriquece cada um dos parlamentares e servidores. Com isso, acredito que podemos construir uma governan\u00e7a mais pr\u00f3xima do povo tocantinense. Sa\u00edmos daqui com v\u00e1rias ideias de projetos para replicarmos no Estado&#8221;, pontuou Edivaldo Rodrigues, diretor de \u00c1rea de Comunica\u00e7\u00e3o.<\/p>\n\n\n\n<p>Diretor-geral do Legislativo, J\u00fanior Diamantino tamb\u00e9m considerou produtiva a participa\u00e7\u00e3o no Congresso.\u201c\u00c9 muito importante a participa\u00e7\u00e3o dos diversos setores da Casa, pois trocamos experi\u00eancias e sa\u00edmos daqui com novas ideias de leis, como a que vai garantir ao servidor efetivo e contratado mais seguran\u00e7a\u201d, destacou, ao finalizar agradecendo \u00e0 Unale e ao presidente Antonio Andrade a sensibilidade de investir na capacita\u00e7\u00e3o dos servidores.<\/p>\n\n\n\n<p>Mais de 1600 participantes<\/p>\n\n\n\n<p>O 23\u00ba Congresso da Unale trouxe o tema \u201cHumanizando as Leis Num Novo Tempo\u201d e aconteceu de 20 a 22 de novembro, em Salvador (BA). Este foi considerado um dos congressos da institui\u00e7\u00e3o com maior n\u00famero de participantes. Entre parlamentares e servidores legislativos, foram 1617 inscritos, o que pode ser considerado uma demonstra\u00e7\u00e3o da for\u00e7a da institui\u00e7\u00e3o.<\/p>\n","protected":false},"excerpt":{"rendered":"<p>Chegou ao fim a 23\u00aa Confer\u00eancia da Uni\u00e3o Nacional dos Legisladores e Legislativos Estaduais (Unale), e o balan\u00e7o da participa\u00e7\u00e3o de parlamentares e servidores tocantinenses pode ser considerado positivo por v\u00e1rios aspectos. O evento ocorreu de 20 a 22 de novembro, em Salvador (BA). O Tocantins ampliou sua participa\u00e7\u00e3o junto \u00e0 diretoria da institui\u00e7\u00e3o, com [&hellip;]<\/p>\n","protected":false},"author":2,"featured_media":4408,"comment_status":"open","ping_status":"open","sticky":false,"template":"","format":"standard","meta":[],"categories":[4],"tags":[],"_links":{"self":[{"href":"https:\/\/dgospel.com.br\/portal\/index.php\/wp-json\/wp\/v2\/posts\/4407"}],"collection":[{"href":"https:\/\/dgospel.com.br\/portal\/index.php\/wp-json\/wp\/v2\/posts"}],"about":[{"href":"https:\/\/dgospel.com.br\/portal\/index.php\/wp-json\/wp\/v2\/types\/post"}],"author":[{"embeddable":true,"href":"https:\/\/dgospel.com.br\/portal\/index.php\/wp-json\/wp\/v2\/users\/2"}],"replies":[{"embeddable":true,"href":"https:\/\/dgospel.com.br\/portal\/index.php\/wp-json\/wp\/v2\/comments?post=4407"}],"version-history":[{"count":1,"href":"https:\/\/dgospel.com.br\/portal\/index.php\/wp-json\/wp\/v2\/posts\/4407\/revisions"}],"predecessor-version":[{"id":4409,"href":"https:\/\/dgospel.com.br\/portal\/index.php\/wp-json\/wp\/v2\/posts\/4407\/revisions\/4409"}],"wp:featuredmedia":[{"embeddable":true,"href":"https:\/\/dgospel.com.br\/portal\/index.php\/wp-json\/wp\/v2\/media\/4408"}],"wp:attachment":[{"href":"https:\/\/dgospel.com.br\/portal\/index.php\/wp-json\/wp\/v2\/media?parent=4407"}],"wp:term":[{"taxonomy":"category","embeddable":true,"href":"https:\/\/dgospel.com.br\/portal\/index.php\/wp-json\/wp\/v2\/categories?post=4407"},{"taxonomy":"post_tag","embeddable":true,"href":"https:\/\/dgospel.com.br\/portal\/index.php\/wp-json\/wp\/v2\/tags?post=4407"}],"curies":[{"name":"wp","href":"https:\/\/api.w.org\/{rel}","templated":true}]}}