{"id":4410,"date":"2019-11-26T12:14:54","date_gmt":"2019-11-26T15:14:54","guid":{"rendered":"http:\/\/dgospel.com.br\/portal\/?p=4410"},"modified":"2019-11-26T12:14:55","modified_gmt":"2019-11-26T15:14:55","slug":"frente-parlamentar-em-apoio-a-educacao-discute-plano-de-carreira-dos-servidores","status":"publish","type":"post","link":"https:\/\/dgospel.com.br\/portal\/index.php\/2019\/11\/26\/frente-parlamentar-em-apoio-a-educacao-discute-plano-de-carreira-dos-servidores\/","title":{"rendered":"Frente Parlamentar em Apoio \u00e0 Educa\u00e7\u00e3o discute plano de carreira dos servidores"},"content":{"rendered":"\n<p> A Frente Parlamentar em Apoio \u00e0 Educa\u00e7\u00e3o se reuniu na segunda-feira, 25, a pedido do Sindicato dos Servidores P\u00fablicos Municipais de Palmas (Sisemp), para tratar sobre o Plano de Carreira dos servidores, em especial dos cargos de agente administrativo educacional e agente de transporte educacional. A reinvindica\u00e7\u00e3o \u00e9 que a remunera\u00e7\u00e3o destes agentes seja similar \u00e0quela recebida pelos servidores do Quadro Geral, que tenham as mesmas atribui\u00e7\u00f5es e mesmo n\u00edvel de escolaridade. <\/p>\n\n\n\n<p>Na ocasi\u00e3o, o presidente do Sisemp, Heguel Albuquerque, defendeu como esta diferen\u00e7a de remunera\u00e7\u00e3o impacta diretamente na vida dos servidores. \u201cH\u00e1 uma diferen\u00e7a de mais de mil reais entre o cargo do Quadro Geral e da Educa\u00e7\u00e3o. Isso interfere de maneira muito ruim na vida do servidor, no seu poder de compra e at\u00e9 em sua aposentadoria. O profissional da Educa\u00e7\u00e3o est\u00e1 com seu vencimento depreciado, se comparado ao profissional do Quadro Geral, por isso propomos uma rediscuss\u00e3o no Plano de Carreira ou da tabela de vencimentos dessas categorias\u201d, analisou.<\/p>\n\n\n\n<p>Representando a Secretaria de Planejamento, Or\u00e7amento e Gest\u00e3o, Lucas Ribeiro, lembrou que antes de se pensar nas mudan\u00e7as propostas, \u00e9 necess\u00e1rio atender \u00e0s exig\u00eancias da Lei de Responsabilidade Fiscal e realizar um estudo sobre o impacto financeiro e or\u00e7ament\u00e1rio. \u201cCompreendo os anseios da classe e deixo aqui o canal aberto para que possamos realizar as discuss\u00f5es e estudos necess\u00e1rios\u201d, garantiu.<\/p>\n\n\n\n<p>Desta forma, os participantes concordaram que tais estudos devem ser feitos. O vereador Tiago Andrino (PSB) se comprometeu a realizar uma nova reuni\u00e3o sobre o assunto no retorno do recesso parlamentar, a partir de cinco de fevereiro do pr\u00f3ximo ano. \u201cN\u00e3o temos diverg\u00eancia sobre o quanto \u00e9 justa essa reinvindica\u00e7\u00e3o, mas tamb\u00e9m ficou claro para todos n\u00f3s que \u00e9 praticamente invi\u00e1vel adicionar esta demanda para o or\u00e7amento do ano que vem, que j\u00e1 est\u00e1 tramitando na Casa. Desta forma, podemos tratar novamente sobre a demanda no come\u00e7o do ano. Assim, o estudo de impacto pode ser realizado e poderemos discutir os pormenores\u201d, concluiu o parlamentar.<\/p>\n\n\n\n<p>Tamb\u00e9m participaram da reuni\u00e3o o vereador Moisemar Marinho (PDT), o Presidente do DCE\/TO, Caio Lucas, a Conselheira Municipal de Educa\u00e7\u00e3o Professora Margareth Leber e um o representante da Secretaria Municipal de Finan\u00e7as, Nonato Noleto.<\/p>\n","protected":false},"excerpt":{"rendered":"<p>A Frente Parlamentar em Apoio \u00e0 Educa\u00e7\u00e3o se reuniu na segunda-feira, 25, a pedido do Sindicato dos Servidores P\u00fablicos Municipais de Palmas (Sisemp), para tratar sobre o Plano de Carreira dos servidores, em especial dos cargos de agente administrativo educacional e agente de transporte educacional. A reinvindica\u00e7\u00e3o \u00e9 que a remunera\u00e7\u00e3o destes agentes seja similar [&hellip;]<\/p>\n","protected":false},"author":2,"featured_media":4411,"comment_status":"open","ping_status":"open","sticky":false,"template":"","format":"standard","meta":[],"categories":[8],"tags":[],"_links":{"self":[{"href":"https:\/\/dgospel.com.br\/portal\/index.php\/wp-json\/wp\/v2\/posts\/4410"}],"collection":[{"href":"https:\/\/dgospel.com.br\/portal\/index.php\/wp-json\/wp\/v2\/posts"}],"about":[{"href":"https:\/\/dgospel.com.br\/portal\/index.php\/wp-json\/wp\/v2\/types\/post"}],"author":[{"embeddable":true,"href":"https:\/\/dgospel.com.br\/portal\/index.php\/wp-json\/wp\/v2\/users\/2"}],"replies":[{"embeddable":true,"href":"https:\/\/dgospel.com.br\/portal\/index.php\/wp-json\/wp\/v2\/comments?post=4410"}],"version-history":[{"count":1,"href":"https:\/\/dgospel.com.br\/portal\/index.php\/wp-json\/wp\/v2\/posts\/4410\/revisions"}],"predecessor-version":[{"id":4412,"href":"https:\/\/dgospel.com.br\/portal\/index.php\/wp-json\/wp\/v2\/posts\/4410\/revisions\/4412"}],"wp:featuredmedia":[{"embeddable":true,"href":"https:\/\/dgospel.com.br\/portal\/index.php\/wp-json\/wp\/v2\/media\/4411"}],"wp:attachment":[{"href":"https:\/\/dgospel.com.br\/portal\/index.php\/wp-json\/wp\/v2\/media?parent=4410"}],"wp:term":[{"taxonomy":"category","embeddable":true,"href":"https:\/\/dgospel.com.br\/portal\/index.php\/wp-json\/wp\/v2\/categories?post=4410"},{"taxonomy":"post_tag","embeddable":true,"href":"https:\/\/dgospel.com.br\/portal\/index.php\/wp-json\/wp\/v2\/tags?post=4410"}],"curies":[{"name":"wp","href":"https:\/\/api.w.org\/{rel}","templated":true}]}}