{"id":4413,"date":"2019-11-26T12:18:36","date_gmt":"2019-11-26T15:18:36","guid":{"rendered":"http:\/\/dgospel.com.br\/portal\/?p=4413"},"modified":"2019-11-26T12:18:38","modified_gmt":"2019-11-26T15:18:38","slug":"jogador-do-flamengo-vai-a-culto-agradecer-a-deus-por-titulos","status":"publish","type":"post","link":"https:\/\/dgospel.com.br\/portal\/index.php\/2019\/11\/26\/jogador-do-flamengo-vai-a-culto-agradecer-a-deus-por-titulos\/","title":{"rendered":"Jogador do Flamengo vai a culto agradecer a Deus por t\u00edtulos"},"content":{"rendered":"\n<p>O \u00faltimo fim de semana foi \u00e9pico na hist\u00f3ria do&nbsp;<a href=\"https:\/\/guiame.com.br\/gospel\/noticias\/goleiro-do-flamengo-morto-em-incendio-era-evangelico-e-falava-de-sua-fe.html\"><strong>Flamengo<\/strong><\/a>. Depois de ter sido campe\u00e3o da Libertadores no s\u00e1bado (23), o time conquistou o t\u00edtulo do Campeonato Brasileiro no domingo (24), com a derrota do Palmeiras para o Gr\u00eamio.<\/p>\n\n\n\n<p>Para expressar sua gratid\u00e3o a Deus, o meio-campista do Flamengo, Pep\u00ea Vilardi, participou de um culto na Igreja Presbiteriana das Am\u00e9ricas, onde frequenta na Barra da Tijuca (RJ).\u00a0<\/p>\n\n\n\n<p>\u201cOntem \u00e0 noite, depois de uma semana de trabalho intenso, viagem e comemora\u00e7\u00f5es, [Pep\u00ea] deixou muitas coisas e foi \u00e0 Igreja das Am\u00e9ricas para agradecer a Deus por todos os \u00eaxitos. Ele foi Campe\u00e3o da Libertadores no s\u00e1bado e Campe\u00e3o Brasileiro no domingo\u201d, disse a denomina\u00e7\u00e3o em sua p\u00e1gina no Instagram na segunda (25).<\/p>\n\n\n\n<p>Pep\u00ea foi recebido no altar pelo pastor Jr. Vargas. \u201cTodas as vit\u00f3rias dele, ele traz as medalhas para a igreja e n\u00f3s consagramos a Deus\u201d, revelou o pastor na ocasi\u00e3o.&nbsp;<\/p>\n\n\n\n<p>\u201cN\u00f3s cremos que Deus vai us\u00e1-lo ainda mais nos campos e onde Deus o mandar. Onde ele estiver, vai ser uma b\u00ean\u00e7\u00e3o para a gl\u00f3ria de Deus. No treinamento, na concentra\u00e7\u00e3o; porque um servo de Deus \u00e9 um mission\u00e1rio que Deus colocou para servir no campo\u201d, acrescentou o pastor.<\/p>\n\n\n\n<p>Nas redes sociais, a igreja afirmou que Pep\u00ea \u201c\u00e9 um garoto ainda, mas j\u00e1 \u00e9 um profissional respeitado, admirado e condecorado\u201d. \u201cEsse \u00e9 um menino de Deus! Pep\u00ea Vilardi, Deus vai continuar a te usar grandemente! Parab\u00e9ns!\u201d, finalizou o texto.<\/p>\n\n\n\n<p>\n\nFONTE: GUIAME\n\n<\/p>\n","protected":false},"excerpt":{"rendered":"<p>O \u00faltimo fim de semana foi \u00e9pico na hist\u00f3ria do&nbsp;Flamengo. Depois de ter sido campe\u00e3o da Libertadores no s\u00e1bado (23), o time conquistou o t\u00edtulo do Campeonato Brasileiro no domingo (24), com a derrota do Palmeiras para o Gr\u00eamio. Para expressar sua gratid\u00e3o a Deus, o meio-campista do Flamengo, Pep\u00ea Vilardi, participou de um culto [&hellip;]<\/p>\n","protected":false},"author":2,"featured_media":4414,"comment_status":"open","ping_status":"open","sticky":false,"template":"","format":"standard","meta":[],"categories":[5],"tags":[],"_links":{"self":[{"href":"https:\/\/dgospel.com.br\/portal\/index.php\/wp-json\/wp\/v2\/posts\/4413"}],"collection":[{"href":"https:\/\/dgospel.com.br\/portal\/index.php\/wp-json\/wp\/v2\/posts"}],"about":[{"href":"https:\/\/dgospel.com.br\/portal\/index.php\/wp-json\/wp\/v2\/types\/post"}],"author":[{"embeddable":true,"href":"https:\/\/dgospel.com.br\/portal\/index.php\/wp-json\/wp\/v2\/users\/2"}],"replies":[{"embeddable":true,"href":"https:\/\/dgospel.com.br\/portal\/index.php\/wp-json\/wp\/v2\/comments?post=4413"}],"version-history":[{"count":1,"href":"https:\/\/dgospel.com.br\/portal\/index.php\/wp-json\/wp\/v2\/posts\/4413\/revisions"}],"predecessor-version":[{"id":4415,"href":"https:\/\/dgospel.com.br\/portal\/index.php\/wp-json\/wp\/v2\/posts\/4413\/revisions\/4415"}],"wp:featuredmedia":[{"embeddable":true,"href":"https:\/\/dgospel.com.br\/portal\/index.php\/wp-json\/wp\/v2\/media\/4414"}],"wp:attachment":[{"href":"https:\/\/dgospel.com.br\/portal\/index.php\/wp-json\/wp\/v2\/media?parent=4413"}],"wp:term":[{"taxonomy":"category","embeddable":true,"href":"https:\/\/dgospel.com.br\/portal\/index.php\/wp-json\/wp\/v2\/categories?post=4413"},{"taxonomy":"post_tag","embeddable":true,"href":"https:\/\/dgospel.com.br\/portal\/index.php\/wp-json\/wp\/v2\/tags?post=4413"}],"curies":[{"name":"wp","href":"https:\/\/api.w.org\/{rel}","templated":true}]}}