{"id":4419,"date":"2019-11-26T14:51:05","date_gmt":"2019-11-26T17:51:05","guid":{"rendered":"http:\/\/dgospel.com.br\/portal\/?p=4419"},"modified":"2019-11-26T14:51:08","modified_gmt":"2019-11-26T17:51:08","slug":"saude-governo-federal-autoriza-liberacao-de-incremento-de-r-5-milhoes-para-palmas","status":"publish","type":"post","link":"https:\/\/dgospel.com.br\/portal\/index.php\/2019\/11\/26\/saude-governo-federal-autoriza-liberacao-de-incremento-de-r-5-milhoes-para-palmas\/","title":{"rendered":"Sa\u00fade: Governo Federal autoriza libera\u00e7\u00e3o de incremento de R$ 5 milh\u00f5es para Palmas"},"content":{"rendered":"\n<p>O Minist\u00e9rio da Sa\u00fade publicou no Di\u00e1rio Oficial da Uni\u00e3o (DOU) desta segunda-feira, 25, portarias que autorizam a libera\u00e7\u00e3o para Palmas de R$ 5 milh\u00f5es para aplica\u00e7\u00e3o na rede municipal de Sa\u00fade. Tais valores ser\u00e3o aplicados como recurso tempor\u00e1rio para incremento tempor\u00e1rio do Piso da Aten\u00e7\u00e3o B\u00e1sica (PAB) e incremento tempor\u00e1rio do Limite Financeiro da Assist\u00eancia de M\u00e9dia e Alta Complexidade (MAC).<br><\/p>\n\n\n\n<p>Tais incrementos foram viabilizados por meio de articula\u00e7\u00e3o do senador Eduardo Gomes, que&nbsp;<a rel=\"noreferrer noopener\" target=\"_blank\" href=\"https:\/\/www.palmas.to.gov.br\/secretaria\/gabinete\/noticia\/1511753\/prefeita-cinthia-ribeiro-assegura-o-repasse-de-r-5-milhoes-para-a-area-da-saude\/\">j\u00e1 havia anunciado a conquista em setembro deste ano<\/a>, em Bras\u00edlia (DF). A prefeita Cinthia Ribeiro agradeceu o apoio. \u201c\u00c9 com extrema felicidade que recebemos a not\u00edcia da libera\u00e7\u00e3o dos R$ 5 milh\u00f5es para a Sa\u00fade de Palmas. Esses recursos v\u00e3o nos ajudar a refor\u00e7ar o servi\u00e7o de qualidade que buscamos oferecer a todos os palmenses\u201d, frisou Cinthia.<\/p>\n\n\n\n<p><strong>Refor\u00e7o aplicado<\/strong><\/p>\n\n\n\n<p>A Portaria n\u00ba 3.055, de 22 de novembro de 2019, destina dois milh\u00f5es para compra de insumos e manuten\u00e7\u00e3o da rede prim\u00e1ria da Capital. J\u00e1 a Portaria n\u00ba 3.061, tamb\u00e9m de 22 de novembro de 2019, habilita Palmas a receber tr\u00eas milh\u00f5es para custeio de consultas e exames especializados, bem como insumos de procedimentos ambulatoriais de m\u00e9dia e alta complexidade.<\/p>\n\n\n\n<p>\u201c\u00c9 um recurso de suma import\u00e2ncia e que vem em boa hora. Este incremento vem para nos ajudar a organizar a rede e fortalecer as a\u00e7\u00f5es de sa\u00fade em benef\u00edcio do usu\u00e1rio da rede municipal\u201d, frisou o secret\u00e1rio municipal de Sa\u00fade, Daniel Borini.<\/p>\n","protected":false},"excerpt":{"rendered":"<p>O Minist\u00e9rio da Sa\u00fade publicou no Di\u00e1rio Oficial da Uni\u00e3o (DOU) desta segunda-feira, 25, portarias que autorizam a libera\u00e7\u00e3o para Palmas de R$ 5 milh\u00f5es para aplica\u00e7\u00e3o na rede municipal de Sa\u00fade. Tais valores ser\u00e3o aplicados como recurso tempor\u00e1rio para incremento tempor\u00e1rio do Piso da Aten\u00e7\u00e3o B\u00e1sica (PAB) e incremento tempor\u00e1rio do Limite Financeiro da [&hellip;]<\/p>\n","protected":false},"author":2,"featured_media":4420,"comment_status":"open","ping_status":"open","sticky":false,"template":"","format":"standard","meta":[],"categories":[3],"tags":[],"_links":{"self":[{"href":"https:\/\/dgospel.com.br\/portal\/index.php\/wp-json\/wp\/v2\/posts\/4419"}],"collection":[{"href":"https:\/\/dgospel.com.br\/portal\/index.php\/wp-json\/wp\/v2\/posts"}],"about":[{"href":"https:\/\/dgospel.com.br\/portal\/index.php\/wp-json\/wp\/v2\/types\/post"}],"author":[{"embeddable":true,"href":"https:\/\/dgospel.com.br\/portal\/index.php\/wp-json\/wp\/v2\/users\/2"}],"replies":[{"embeddable":true,"href":"https:\/\/dgospel.com.br\/portal\/index.php\/wp-json\/wp\/v2\/comments?post=4419"}],"version-history":[{"count":1,"href":"https:\/\/dgospel.com.br\/portal\/index.php\/wp-json\/wp\/v2\/posts\/4419\/revisions"}],"predecessor-version":[{"id":4421,"href":"https:\/\/dgospel.com.br\/portal\/index.php\/wp-json\/wp\/v2\/posts\/4419\/revisions\/4421"}],"wp:featuredmedia":[{"embeddable":true,"href":"https:\/\/dgospel.com.br\/portal\/index.php\/wp-json\/wp\/v2\/media\/4420"}],"wp:attachment":[{"href":"https:\/\/dgospel.com.br\/portal\/index.php\/wp-json\/wp\/v2\/media?parent=4419"}],"wp:term":[{"taxonomy":"category","embeddable":true,"href":"https:\/\/dgospel.com.br\/portal\/index.php\/wp-json\/wp\/v2\/categories?post=4419"},{"taxonomy":"post_tag","embeddable":true,"href":"https:\/\/dgospel.com.br\/portal\/index.php\/wp-json\/wp\/v2\/tags?post=4419"}],"curies":[{"name":"wp","href":"https:\/\/api.w.org\/{rel}","templated":true}]}}