{"id":442,"date":"2018-06-04T15:51:50","date_gmt":"2018-06-04T18:51:50","guid":{"rendered":"http:\/\/dgospel.com.br\/portal\/?p=442"},"modified":"2018-06-04T15:51:50","modified_gmt":"2018-06-04T18:51:50","slug":"carlesse-agradece-aos-eleitores-tocantinenses-pelo-voto-de-confianca-e-diz-que-quer-intensificar-trabalho","status":"publish","type":"post","link":"https:\/\/dgospel.com.br\/portal\/index.php\/2018\/06\/04\/carlesse-agradece-aos-eleitores-tocantinenses-pelo-voto-de-confianca-e-diz-que-quer-intensificar-trabalho\/","title":{"rendered":"Carlesse agradece aos eleitores tocantinenses pelo voto de confian\u00e7a e diz que quer intensificar trabalho"},"content":{"rendered":"<p>O governador interino e candidato nesta elei\u00e7\u00e3o suplementar, Mauro Carlesse, da coliga\u00e7\u00e3o Governo de Atitude, reiterou nessa segunda-feira seus agradecimentos aos eleitores tocantinenses pelo voto de confian\u00e7a que garantiram sua passagem em primeiro lugar para o segundo turno. Carlesse obteve 174.275 votos, correspondente a 30,31% dos votos v\u00e1lidos.<\/p>\n<p>\u201cS\u00f3 tenho agradecer a Deus e o nosso povo pela confian\u00e7a. Como eu digo a popula\u00e7\u00e3o est\u00e1 entendendo que o Tocantins precisa de estabilidade, de cumprir os compromissos com servidores, com a popula\u00e7\u00e3o e com os empres\u00e1rios que geram empregos no nosso Estado. Vamos intensificar o trabalho para termos uma vit\u00f3ria ainda maior no segundo turno e fazer uma gest\u00e3o que vai encher de orgulho toda a nossa popula\u00e7\u00e3o\u201d, declarou Carlesse.<\/p>\n<p>Al\u00e9m de Mauro Carlesse e\u00a0 seus familiares, o candidato a vice-governador Wanderlei Barbosa e demais l\u00edderes que apoiam a chapa, acompanharam a apura\u00e7\u00e3o na resid\u00eancia de Carlesse em Gurupi e em seguinda sairam em carreata para festejar o resultado na cidade.<\/p>\n<p>J\u00e1 nesta segunda-feira,\u00a04, a campanha de Carlesse far\u00e1 an\u00e1lise do resultado das urnas visando a vota\u00e7\u00e3o do pr\u00f3ximo dia 24. Ainda nesta semana, Carlesse retomar\u00e1 a agenda de campanha com grava\u00e7\u00e3o de programas eleitorais e reuni\u00f5es. Mas por enquanto, Carlesse cumprir\u00e1 agenda de Governador.<\/p>\n<p>&nbsp;<\/p>\n<p>&nbsp;<\/p>\n","protected":false},"excerpt":{"rendered":"<p>O governador interino e candidato nesta elei\u00e7\u00e3o suplementar, Mauro Carlesse, da coliga\u00e7\u00e3o Governo de Atitude, reiterou nessa segunda-feira seus agradecimentos aos eleitores tocantinenses pelo voto de confian\u00e7a que garantiram sua passagem em primeiro lugar para o segundo turno. Carlesse obteve 174.275 votos, correspondente a 30,31% dos votos v\u00e1lidos. \u201cS\u00f3 tenho agradecer a Deus e o [&hellip;]<\/p>\n","protected":false},"author":2,"featured_media":443,"comment_status":"open","ping_status":"open","sticky":false,"template":"","format":"standard","meta":[],"categories":[2,4],"tags":[],"_links":{"self":[{"href":"https:\/\/dgospel.com.br\/portal\/index.php\/wp-json\/wp\/v2\/posts\/442"}],"collection":[{"href":"https:\/\/dgospel.com.br\/portal\/index.php\/wp-json\/wp\/v2\/posts"}],"about":[{"href":"https:\/\/dgospel.com.br\/portal\/index.php\/wp-json\/wp\/v2\/types\/post"}],"author":[{"embeddable":true,"href":"https:\/\/dgospel.com.br\/portal\/index.php\/wp-json\/wp\/v2\/users\/2"}],"replies":[{"embeddable":true,"href":"https:\/\/dgospel.com.br\/portal\/index.php\/wp-json\/wp\/v2\/comments?post=442"}],"version-history":[{"count":1,"href":"https:\/\/dgospel.com.br\/portal\/index.php\/wp-json\/wp\/v2\/posts\/442\/revisions"}],"predecessor-version":[{"id":444,"href":"https:\/\/dgospel.com.br\/portal\/index.php\/wp-json\/wp\/v2\/posts\/442\/revisions\/444"}],"wp:featuredmedia":[{"embeddable":true,"href":"https:\/\/dgospel.com.br\/portal\/index.php\/wp-json\/wp\/v2\/media\/443"}],"wp:attachment":[{"href":"https:\/\/dgospel.com.br\/portal\/index.php\/wp-json\/wp\/v2\/media?parent=442"}],"wp:term":[{"taxonomy":"category","embeddable":true,"href":"https:\/\/dgospel.com.br\/portal\/index.php\/wp-json\/wp\/v2\/categories?post=442"},{"taxonomy":"post_tag","embeddable":true,"href":"https:\/\/dgospel.com.br\/portal\/index.php\/wp-json\/wp\/v2\/tags?post=442"}],"curies":[{"name":"wp","href":"https:\/\/api.w.org\/{rel}","templated":true}]}}