{"id":4422,"date":"2019-11-27T12:12:55","date_gmt":"2019-11-27T15:12:55","guid":{"rendered":"http:\/\/dgospel.com.br\/portal\/?p=4422"},"modified":"2019-11-27T12:12:58","modified_gmt":"2019-11-27T15:12:58","slug":"proposto-titulo-de-cidadao-tocantinense-ao-presidente-jair-bolsonaro","status":"publish","type":"post","link":"https:\/\/dgospel.com.br\/portal\/index.php\/2019\/11\/27\/proposto-titulo-de-cidadao-tocantinense-ao-presidente-jair-bolsonaro\/","title":{"rendered":"Proposto T\u00edtulo de Cidad\u00e3o Tocantinense ao presidente Jair Bolsonaro"},"content":{"rendered":"\n<p>Na sess\u00e3o ordin\u00e1ria desta ter\u00e7a-feira, 26, o deputado estadual Olyntho Neto\n(PSDB) prop\u00f4s na Assembleia Legislativa a concess\u00e3o de T\u00edtulo Honor\u00edfico de\nCidad\u00e3o Tocantinense ao presidente da Rep\u00fablica, Jair Messias Bolsonaro (sem\npartido).<\/p>\n\n\n\n<p>\u201cDepois de ver v\u00e1rias medidas tomadas pelo nosso presidente Bolsonaro que\nvisam beneficiar a popula\u00e7\u00e3o brasileira, em especial a do Tocantins, propomos o\nT\u00edtulo de Cidad\u00e3o Tocantinense em agradecimento ao presidente, por n\u00e3o medir\nesfor\u00e7os para o desenvolvimento de nosso Estado. Estamos pr\u00f3ximos da assinatura\nhist\u00f3rica de financiamento no valor de R$ 600 milh\u00f5es de reais, que ir\u00e3o\nbeneficiar os 139 munic\u00edpios do Estado\u201d, destacou o parlamentar.<\/p>\n\n\n\n<p>O deputado ressaltou que a atual gest\u00e3o federal tem investido em v\u00e1rias\nobras de infraestrutura, como a pavimenta\u00e7\u00e3o de rodovias no sudeste e sul do\nTocantins, bem como da BR-230, na divisa dos Estados do Par\u00e1 e Tocantins, entre\noutras importantes obras.<\/p>\n\n\n\n<p>Olyntho destacou o leil\u00e3o do Complexo Polimet\u00e1lico de Palmeir\u00f3polis, a assinatura\nda concess\u00e3o dos trechos central e sul da Ferrovia Norte-Sul, al\u00e9m do andamento\ndo projeto de duplica\u00e7\u00e3o da BR-153, que liga o munic\u00edpio de An\u00e1polis (GO) a\nAlian\u00e7a.<\/p>\n\n\n\n<p><strong>Visita ao Tocantins<\/strong><\/p>\n\n\n\n<p>Bolsonaro confirmou visita ao Tocantins para o pr\u00f3ximo dia 12 de dezembro.\nNa oportunidade, ele participa da assinatura de contratos de financiamentos\npelo Estado do Tocantins e a Caixa Econ\u00f4mica Federal, no valor de\naproximadamente R$ 600 milh\u00f5es. Os recursos s\u00e3o para obras de infraestrutura\nrodovi\u00e1ria, constru\u00e7\u00e3o de hospitais e pavimenta\u00e7\u00e3o em todos os munic\u00edpios\ntocantinenses.<\/p>\n\n\n\n<p><strong>Biografia<\/strong><\/p>\n\n\n\n<p>Jair Messias Bolsonaro nasceu em Campinas, S\u00e3o Paulo, no dia 21 de mar\u00e7o\nde 1955. Filho de Perci Geraldo Bolsonaro e de Olinda Bonturi, ambos descendentes\nde fam\u00edlias italianas.<\/p>\n\n\n\n<p>Foi aluno da Escola Preparat\u00f3ria de Cadetes do Ex\u00e9rcito, de Campinas. Em\n1977, formou-se na Academia Militar das Agulhas Negras, em Resende, Rio de\nJaneiro. Cursou a Brigada de Paraquedismo do Rio de Janeiro. Em 1983, formou-se\nno curso de Educa\u00e7\u00e3o F\u00edsica do Ex\u00e9rcito. Chegou \u00e0 patente de Capit\u00e3o.<\/p>\n\n\n\n<p>Em novembro de 1988, Jair Bolsonaro foi eleito para a C\u00e2mara Municipal do\nRio de Janeiro, pelo Partido Democrata Crist\u00e3o (PDC).<\/p>\n\n\n\n<p>Foi deputado federal por sete mandatos. Em 2018, Bolsonaro filiou-se ao Partido\nSocial Liberal (PSL) e lan\u00e7ou-se candidato \u00e0 Presid\u00eancia da Rep\u00fablica. Foi eleito\no 38\u00ba presidente do Brasil, para o mandato de 2019 a 2022, com 55,13% dos\nvotos.<\/p>\n\n\n\n<p>Com informa\u00e7\u00e3o da Dicom\/AL <\/p>\n","protected":false},"excerpt":{"rendered":"<p>Na sess\u00e3o ordin\u00e1ria desta ter\u00e7a-feira, 26, o deputado estadual Olyntho Neto (PSDB) prop\u00f4s na Assembleia Legislativa a concess\u00e3o de T\u00edtulo Honor\u00edfico de Cidad\u00e3o Tocantinense ao presidente da Rep\u00fablica, Jair Messias Bolsonaro (sem partido). \u201cDepois de ver v\u00e1rias medidas tomadas pelo nosso presidente Bolsonaro que visam beneficiar a popula\u00e7\u00e3o brasileira, em especial a do Tocantins, propomos [&hellip;]<\/p>\n","protected":false},"author":2,"featured_media":4423,"comment_status":"open","ping_status":"open","sticky":false,"template":"","format":"standard","meta":[],"categories":[4],"tags":[],"_links":{"self":[{"href":"https:\/\/dgospel.com.br\/portal\/index.php\/wp-json\/wp\/v2\/posts\/4422"}],"collection":[{"href":"https:\/\/dgospel.com.br\/portal\/index.php\/wp-json\/wp\/v2\/posts"}],"about":[{"href":"https:\/\/dgospel.com.br\/portal\/index.php\/wp-json\/wp\/v2\/types\/post"}],"author":[{"embeddable":true,"href":"https:\/\/dgospel.com.br\/portal\/index.php\/wp-json\/wp\/v2\/users\/2"}],"replies":[{"embeddable":true,"href":"https:\/\/dgospel.com.br\/portal\/index.php\/wp-json\/wp\/v2\/comments?post=4422"}],"version-history":[{"count":1,"href":"https:\/\/dgospel.com.br\/portal\/index.php\/wp-json\/wp\/v2\/posts\/4422\/revisions"}],"predecessor-version":[{"id":4424,"href":"https:\/\/dgospel.com.br\/portal\/index.php\/wp-json\/wp\/v2\/posts\/4422\/revisions\/4424"}],"wp:featuredmedia":[{"embeddable":true,"href":"https:\/\/dgospel.com.br\/portal\/index.php\/wp-json\/wp\/v2\/media\/4423"}],"wp:attachment":[{"href":"https:\/\/dgospel.com.br\/portal\/index.php\/wp-json\/wp\/v2\/media?parent=4422"}],"wp:term":[{"taxonomy":"category","embeddable":true,"href":"https:\/\/dgospel.com.br\/portal\/index.php\/wp-json\/wp\/v2\/categories?post=4422"},{"taxonomy":"post_tag","embeddable":true,"href":"https:\/\/dgospel.com.br\/portal\/index.php\/wp-json\/wp\/v2\/tags?post=4422"}],"curies":[{"name":"wp","href":"https:\/\/api.w.org\/{rel}","templated":true}]}}