{"id":4425,"date":"2019-11-27T12:21:51","date_gmt":"2019-11-27T15:21:51","guid":{"rendered":"http:\/\/dgospel.com.br\/portal\/?p=4425"},"modified":"2019-11-27T12:21:53","modified_gmt":"2019-11-27T15:21:53","slug":"hungria-quer-se-aliar-ao-brasil-para-ajudar-cristaos-perseguidos-no-oriente-medio","status":"publish","type":"post","link":"https:\/\/dgospel.com.br\/portal\/index.php\/2019\/11\/27\/hungria-quer-se-aliar-ao-brasil-para-ajudar-cristaos-perseguidos-no-oriente-medio\/","title":{"rendered":"Hungria quer se aliar ao Brasil para ajudar crist\u00e3os perseguidos no Oriente M\u00e9dio"},"content":{"rendered":"\n<p>O governo da Hungria est\u00e1 propondo uma parceria com o Brasil para financiar uma ajuda a comunidades de&nbsp;<a href=\"https:\/\/guiame.com.br\/gospel\/noticias\/brasil-prepara-alianca-com-eua-para-defender-liberdade-religiosa.html\"><strong>crist\u00e3os perseguidos<\/strong><\/a>&nbsp;no Oriente M\u00e9dio. Segundo o colunista do UOL, Jamil Chade, o projeto j\u00e1 est\u00e1 nas m\u00e3os do chanceler Ernesto Ara\u00fajo.<\/p>\n\n\n\n<p>No governo de Jair Bolsonaro, Bras\u00edlia teve uma forte aproxima\u00e7\u00e3o com Budapeste, fortalecida principalmente pelo cristianismo, que tem influenciado a pol\u00edtica dos dois pa\u00edses.<\/p>\n\n\n\n<p>O projeto foi entregue ao governo Bolsonaro pelo chanceler h\u00fangaro, P\u00e9ter Szijj\u00e1rt\u00f3, que elogiou o presidente do Brasil por falar \u201cabertamente\u201d sobre o papel do cristianismo.&nbsp; \u201cEntreguei uma pilha de projetos ao chanceler Ara\u00fajo e espero que ele escolha um ou alguns projetos\u201d, disse o ministro \u00e0 coluna do UOL.&nbsp;<\/p>\n\n\n\n<p>Segundo Szijj\u00e1rt\u00f3, cerca de 70 mil crist\u00e3os j\u00e1 foram atendidos pelos programas do&nbsp;<a href=\"https:\/\/guiame.com.br\/gospel\/noticias\/o-cristianismo-e-ultima-esperanca-da-europa-diz-primeiro-ministro-da-hungria.html\"><strong>governo de Viktor Orb\u00e1n<\/strong><\/a>&nbsp;desde 2016. O projeto inclui a reconstru\u00e7\u00e3o de casas, escolas, hospitais e infra-estrutura, permitindo que as pessoas voltem para suas comunidades.&nbsp;<\/p>\n\n\n\n<p>Com a proposta, que ainda n\u00e3o foi definida pelo Itamaraty, o Brasil pode escolher entre apoiar comunidades crist\u00e3s na S\u00edria, Iraque ou L\u00edbano.&nbsp;&nbsp;<\/p>\n\n\n\n<p>Szijj\u00e1rt\u00f3 conversou com o UOL durante uma confer\u00eancia internacional organizada pela Hungria, com o objetivo combater a persegui\u00e7\u00e3o aos crist\u00e3os pelo mundo. Entre os participantes do evento em Budapeste estavam representantes dos Estados Unidos, Pol\u00f4nia, Rep\u00fablica Tcheca e Brasil.<\/p>\n\n\n\n<p><strong>Prote\u00e7\u00e3o contra o extremismo isl\u00e2mico<\/strong><\/p>\n\n\n\n<p>Quando se trata da persegui\u00e7\u00e3o aos crist\u00e3os, o governo de Orb\u00e1n tamb\u00e9m aborda a imigra\u00e7\u00e3o e do fechamento das fronteiras. O primeiro-ministro h\u00fangaro defende que, se essas pessoas forem ajudadas em seus pa\u00edses de origem, elas n\u00e3o precisar\u00e3o fazer parte do fluxo migrat\u00f3rio para a Europa.&nbsp;&nbsp;<\/p>\n\n\n\n<p>\u201cNa Hungria, h\u00e1 um sentimento contra a imigra\u00e7\u00e3o e pela prote\u00e7\u00e3o de cristianismo. A Hungria est\u00e1 na rota da invas\u00e3o isl\u00e2mica e precisamos nos proteger. Temos o direito de proteger nossa cultura\u201d, disse Orb\u00e1n.<\/p>\n\n\n\n<p>Ele defende que o \u201cmaior erro\u201d que o Ocidente pode cometer \u00e9 o de pensar que a persegui\u00e7\u00e3o aos crist\u00e3os n\u00e3o vai ocorrer na Europa. \u201cO terror j\u00e1 golpeou a Europa v\u00e1rias vezes\u201d, disse, apontando para a \u201cinfiltra\u00e7\u00e3o de radicais\u201d por meio da imigra\u00e7\u00e3o irregular.&nbsp;&nbsp;<\/p>\n\n\n\n<p>\u201cNo futuro pr\u00f3ximo, teremos pa\u00edses europeus em que a composi\u00e7\u00e3o demogr\u00e1fica vai mudar rapidamente. A \u00fanica salva\u00e7\u00e3o \u00e9 se a Europa volta a sua identidade crist\u00e3s. Estamos com grandes problemas\u201d, afirmou Orb\u00e1n.&nbsp;&nbsp;<\/p>\n\n\n\n<p>\u201cPara salvar a Europa, precisamos ajudar os perseguidos l\u00e1 (no Oriente M\u00e9dio). Em troca, vamos ganhar de volta o cristianismo\u201d, destacou.&nbsp;&nbsp;<\/p>\n\n\n\n<p>O governo Orb\u00e1n classifica a situa\u00e7\u00e3o dos crist\u00e3os perseguidos como \u201cgenoc\u00eddio\u201d e chama a aten\u00e7\u00e3o para a urg\u00eancia do tema. \u201cS\u00e3o onze pessoas mortas por dia por acreditar em Deus\u201d, disse Tristan Azbej, secret\u00e1rio do Programa do governo h\u00fangaro de Ajuda aos Crist\u00e3os Perseguidos. \u201cEsse genoc\u00eddio est\u00e1 ocorrendo ao mesmo que h\u00e1 um sil\u00eancio vergonhoso do Ocidente\u201d.<\/p>\n\n\n\n<p>\n\nFONTE: GUIAME, COM INFORMA\u00c7\u00d5ES DO UOL\n\n<\/p>\n","protected":false},"excerpt":{"rendered":"<p>O governo da Hungria est\u00e1 propondo uma parceria com o Brasil para financiar uma ajuda a comunidades de&nbsp;crist\u00e3os perseguidos&nbsp;no Oriente M\u00e9dio. Segundo o colunista do UOL, Jamil Chade, o projeto j\u00e1 est\u00e1 nas m\u00e3os do chanceler Ernesto Ara\u00fajo. No governo de Jair Bolsonaro, Bras\u00edlia teve uma forte aproxima\u00e7\u00e3o com Budapeste, fortalecida principalmente pelo cristianismo, que [&hellip;]<\/p>\n","protected":false},"author":2,"featured_media":4426,"comment_status":"open","ping_status":"open","sticky":false,"template":"","format":"standard","meta":[],"categories":[5,1],"tags":[],"_links":{"self":[{"href":"https:\/\/dgospel.com.br\/portal\/index.php\/wp-json\/wp\/v2\/posts\/4425"}],"collection":[{"href":"https:\/\/dgospel.com.br\/portal\/index.php\/wp-json\/wp\/v2\/posts"}],"about":[{"href":"https:\/\/dgospel.com.br\/portal\/index.php\/wp-json\/wp\/v2\/types\/post"}],"author":[{"embeddable":true,"href":"https:\/\/dgospel.com.br\/portal\/index.php\/wp-json\/wp\/v2\/users\/2"}],"replies":[{"embeddable":true,"href":"https:\/\/dgospel.com.br\/portal\/index.php\/wp-json\/wp\/v2\/comments?post=4425"}],"version-history":[{"count":1,"href":"https:\/\/dgospel.com.br\/portal\/index.php\/wp-json\/wp\/v2\/posts\/4425\/revisions"}],"predecessor-version":[{"id":4427,"href":"https:\/\/dgospel.com.br\/portal\/index.php\/wp-json\/wp\/v2\/posts\/4425\/revisions\/4427"}],"wp:featuredmedia":[{"embeddable":true,"href":"https:\/\/dgospel.com.br\/portal\/index.php\/wp-json\/wp\/v2\/media\/4426"}],"wp:attachment":[{"href":"https:\/\/dgospel.com.br\/portal\/index.php\/wp-json\/wp\/v2\/media?parent=4425"}],"wp:term":[{"taxonomy":"category","embeddable":true,"href":"https:\/\/dgospel.com.br\/portal\/index.php\/wp-json\/wp\/v2\/categories?post=4425"},{"taxonomy":"post_tag","embeddable":true,"href":"https:\/\/dgospel.com.br\/portal\/index.php\/wp-json\/wp\/v2\/tags?post=4425"}],"curies":[{"name":"wp","href":"https:\/\/api.w.org\/{rel}","templated":true}]}}