{"id":4428,"date":"2019-11-27T15:44:00","date_gmt":"2019-11-27T18:44:00","guid":{"rendered":"http:\/\/dgospel.com.br\/portal\/?p=4428"},"modified":"2019-11-27T15:44:02","modified_gmt":"2019-11-27T18:44:02","slug":"hemocentro-realiza-blitz-para-conscientizar-populacao-sobre-a-importancia-da-doacao-voluntaria-de-sangue","status":"publish","type":"post","link":"https:\/\/dgospel.com.br\/portal\/index.php\/2019\/11\/27\/hemocentro-realiza-blitz-para-conscientizar-populacao-sobre-a-importancia-da-doacao-voluntaria-de-sangue\/","title":{"rendered":"Hemocentro realiza blitz para conscientizar popula\u00e7\u00e3o sobre a import\u00e2ncia da doa\u00e7\u00e3o volunt\u00e1ria de sangue"},"content":{"rendered":"\n<p>Dando continuidade \u00e0s a\u00e7\u00f5es da Semana do Doador, a equipe do Hemocentro Coordenador de Palmas, em parceria com a Secretaria Municipal de Seguran\u00e7a e Mobilidade Urbana (Sesmu), realizou na manh\u00e3 desta quarta-feira, 27, uma blitz na Avenida Juscelino Kubistchek, no centro da Capital, com objetivo de conscientizar a popula\u00e7\u00e3o sobre a import\u00e2ncia da doa\u00e7\u00e3o volunt\u00e1ria de sangue.<\/p>\n\n\n\n<p>A respons\u00e1vel pela capta\u00e7\u00e3o de doadores do Hemocentro Coordenador de Palmas, Rob\u00e9ria Fernandes, lembrou a relev\u00e2ncia da doa\u00e7\u00e3o volunt\u00e1ria para aumentar o estoque de sangue que abastece os hospitais das redes p\u00fablica e privada.<\/p>\n\n\n\n<p>\u201cNosso intuito \u00e9 envolver a popula\u00e7\u00e3o de Palmas e despertar o interesse pela doa\u00e7\u00e3o volunt\u00e1ria de sangue. O Hemocentro abastece todas as unidades hospitalares p\u00fablicas e particulares. Para atender essa demanda, \u00e9 fundamental aumentar os estoques do nosso banco de sangue\u201d, destacou.<\/p>\n\n\n\n<p>Para a gerente de Educa\u00e7\u00e3o para Tr\u00e2nsito de Palmas, Kerlen Parri\u00e3o, a doa\u00e7\u00e3o de sangue \u00e9 um ato de generosidade que pode salvar vidas, principalmente as vidas das pessoas que se envolvem em graves acidentes de tr\u00e2nsito.<\/p>\n\n\n\n<p>\u201cEssa parceria \u00e9 importante principalmente porque temos muitas v\u00edtimas de acidente de tr\u00e2nsito em Palmas que precisam de doa\u00e7\u00e3o de sangue. Toda sociedade deve se envolver para incentivar a doa\u00e7\u00e3o volunt\u00e1ria de sangue, pois a qualquer momento algu\u00e9m pode precisar. Estamos apoiando essa iniciativa como forma de mobilizar a sociedade. Seja um doador de sangue, salve vidas\u201d, ressaltou.<\/p>\n","protected":false},"excerpt":{"rendered":"<p>Dando continuidade \u00e0s a\u00e7\u00f5es da Semana do Doador, a equipe do Hemocentro Coordenador de Palmas, em parceria com a Secretaria Municipal de Seguran\u00e7a e Mobilidade Urbana (Sesmu), realizou na manh\u00e3 desta quarta-feira, 27, uma blitz na Avenida Juscelino Kubistchek, no centro da Capital, com objetivo de conscientizar a popula\u00e7\u00e3o sobre a import\u00e2ncia da doa\u00e7\u00e3o volunt\u00e1ria [&hellip;]<\/p>\n","protected":false},"author":2,"featured_media":4429,"comment_status":"open","ping_status":"open","sticky":false,"template":"","format":"standard","meta":[],"categories":[3],"tags":[],"_links":{"self":[{"href":"https:\/\/dgospel.com.br\/portal\/index.php\/wp-json\/wp\/v2\/posts\/4428"}],"collection":[{"href":"https:\/\/dgospel.com.br\/portal\/index.php\/wp-json\/wp\/v2\/posts"}],"about":[{"href":"https:\/\/dgospel.com.br\/portal\/index.php\/wp-json\/wp\/v2\/types\/post"}],"author":[{"embeddable":true,"href":"https:\/\/dgospel.com.br\/portal\/index.php\/wp-json\/wp\/v2\/users\/2"}],"replies":[{"embeddable":true,"href":"https:\/\/dgospel.com.br\/portal\/index.php\/wp-json\/wp\/v2\/comments?post=4428"}],"version-history":[{"count":1,"href":"https:\/\/dgospel.com.br\/portal\/index.php\/wp-json\/wp\/v2\/posts\/4428\/revisions"}],"predecessor-version":[{"id":4430,"href":"https:\/\/dgospel.com.br\/portal\/index.php\/wp-json\/wp\/v2\/posts\/4428\/revisions\/4430"}],"wp:featuredmedia":[{"embeddable":true,"href":"https:\/\/dgospel.com.br\/portal\/index.php\/wp-json\/wp\/v2\/media\/4429"}],"wp:attachment":[{"href":"https:\/\/dgospel.com.br\/portal\/index.php\/wp-json\/wp\/v2\/media?parent=4428"}],"wp:term":[{"taxonomy":"category","embeddable":true,"href":"https:\/\/dgospel.com.br\/portal\/index.php\/wp-json\/wp\/v2\/categories?post=4428"},{"taxonomy":"post_tag","embeddable":true,"href":"https:\/\/dgospel.com.br\/portal\/index.php\/wp-json\/wp\/v2\/tags?post=4428"}],"curies":[{"name":"wp","href":"https:\/\/api.w.org\/{rel}","templated":true}]}}