{"id":4431,"date":"2019-11-27T15:46:33","date_gmt":"2019-11-27T18:46:33","guid":{"rendered":"http:\/\/dgospel.com.br\/portal\/?p=4431"},"modified":"2019-11-27T15:46:34","modified_gmt":"2019-11-27T18:46:34","slug":"governador-mauro-carlesse-participa-de-foruns-de-governadores-em-sao-luis","status":"publish","type":"post","link":"https:\/\/dgospel.com.br\/portal\/index.php\/2019\/11\/27\/governador-mauro-carlesse-participa-de-foruns-de-governadores-em-sao-luis\/","title":{"rendered":"Governador Mauro Carlesse participa de F\u00f3runs de Governadores em S\u00e3o Lu\u00eds"},"content":{"rendered":"\n<p>O governador do Estado do Tocantins, Mauro Carlesse, cumpre agenda de trabalho nesta quinta-feira, 28, e na sexta-feira, 29, em S\u00e3o Lu\u00eds, no Maranh\u00e3o. Na quinta-feira, ser\u00e1 realizado o 19\u00b0&nbsp;F\u00f3rum de Governadores da Amaz\u00f4nia Legal, e na sexta-feira, ocorre o 21\u00b0&nbsp;F\u00f3rum de Governadores do Cons\u00f3rcio Interestadual para Desenvolvimento do Brasil Central (Brc).<\/p>\n\n\n\n<p><strong>Amaz\u00f4nia Legal<\/strong><\/p>\n\n\n\n<p>Na quinta-feira, 28, o governador Mauro Carlesse se junta aos demais integrantes do F\u00f3rum de Governadores da Amaz\u00f4nia Legal. Durante o evento, ser\u00e3o tratados assuntos relacionados ao desenvolvimento sustent\u00e1vel da regi\u00e3o amaz\u00f4nica, clima e pol\u00edticas sociais. A exemplo de encontros anteriores, ser\u00e3o realizadas reuni\u00f5es das C\u00e2maras T\u00e9cnicas, Grupos de Trabalhos.<\/p>\n\n\n\n<p><strong>Brasil Central<\/strong><\/p>\n\n\n\n<p>Ainda na quinta-feira, 28, ocorre a reuni\u00e3o ordin\u00e1ria do Conselho de Administra\u00e7\u00e3o, integrado por secret\u00e1rios de Estado da Fazenda e do Planejamento do F\u00f3rum de Governadores do Cons\u00f3rcio Interestadual para Desenvolvimento do Brasil Central. J\u00e1 na sexta-feira, 29, o Governador Mauro Carlesse juntamente com os demais governadores que fazem parte do cons\u00f3rcio tratar\u00e1 da pauta&nbsp;sobre a elei\u00e7\u00e3o do novo presidente do Cons\u00f3rcio para o ano de 2020, al\u00e9m de projetos como Compras Compartilhadas&nbsp;de Medicamentos, Mercado Comum, Concurso de Projetos, Turismo Integrado, BrC Sa\u00fade, Brc Global e Pr\u00eamio de Jornalismo do BrC.<\/p>\n","protected":false},"excerpt":{"rendered":"<p>O governador do Estado do Tocantins, Mauro Carlesse, cumpre agenda de trabalho nesta quinta-feira, 28, e na sexta-feira, 29, em S\u00e3o Lu\u00eds, no Maranh\u00e3o. Na quinta-feira, ser\u00e1 realizado o 19\u00b0&nbsp;F\u00f3rum de Governadores da Amaz\u00f4nia Legal, e na sexta-feira, ocorre o 21\u00b0&nbsp;F\u00f3rum de Governadores do Cons\u00f3rcio Interestadual para Desenvolvimento do Brasil Central (Brc). Amaz\u00f4nia Legal Na [&hellip;]<\/p>\n","protected":false},"author":2,"featured_media":4432,"comment_status":"open","ping_status":"open","sticky":false,"template":"","format":"standard","meta":[],"categories":[4],"tags":[],"_links":{"self":[{"href":"https:\/\/dgospel.com.br\/portal\/index.php\/wp-json\/wp\/v2\/posts\/4431"}],"collection":[{"href":"https:\/\/dgospel.com.br\/portal\/index.php\/wp-json\/wp\/v2\/posts"}],"about":[{"href":"https:\/\/dgospel.com.br\/portal\/index.php\/wp-json\/wp\/v2\/types\/post"}],"author":[{"embeddable":true,"href":"https:\/\/dgospel.com.br\/portal\/index.php\/wp-json\/wp\/v2\/users\/2"}],"replies":[{"embeddable":true,"href":"https:\/\/dgospel.com.br\/portal\/index.php\/wp-json\/wp\/v2\/comments?post=4431"}],"version-history":[{"count":1,"href":"https:\/\/dgospel.com.br\/portal\/index.php\/wp-json\/wp\/v2\/posts\/4431\/revisions"}],"predecessor-version":[{"id":4433,"href":"https:\/\/dgospel.com.br\/portal\/index.php\/wp-json\/wp\/v2\/posts\/4431\/revisions\/4433"}],"wp:featuredmedia":[{"embeddable":true,"href":"https:\/\/dgospel.com.br\/portal\/index.php\/wp-json\/wp\/v2\/media\/4432"}],"wp:attachment":[{"href":"https:\/\/dgospel.com.br\/portal\/index.php\/wp-json\/wp\/v2\/media?parent=4431"}],"wp:term":[{"taxonomy":"category","embeddable":true,"href":"https:\/\/dgospel.com.br\/portal\/index.php\/wp-json\/wp\/v2\/categories?post=4431"},{"taxonomy":"post_tag","embeddable":true,"href":"https:\/\/dgospel.com.br\/portal\/index.php\/wp-json\/wp\/v2\/tags?post=4431"}],"curies":[{"name":"wp","href":"https:\/\/api.w.org\/{rel}","templated":true}]}}