{"id":4434,"date":"2019-11-27T15:49:32","date_gmt":"2019-11-27T18:49:32","guid":{"rendered":"http:\/\/dgospel.com.br\/portal\/?p=4434"},"modified":"2019-11-27T15:49:34","modified_gmt":"2019-11-27T18:49:34","slug":"governo-realiza-acoes-da-semana-estadual-sobre-drogas-em-municipios-do-tocantins","status":"publish","type":"post","link":"https:\/\/dgospel.com.br\/portal\/index.php\/2019\/11\/27\/governo-realiza-acoes-da-semana-estadual-sobre-drogas-em-municipios-do-tocantins\/","title":{"rendered":"Governo realiza a\u00e7\u00f5es da Semana Estadual sobre Drogas em munic\u00edpios do Tocantins"},"content":{"rendered":"\n<p>Pensar em estruturar a pol\u00edtica de atendimento focada no usu\u00e1rio e no contexto sociocultural que ele se insere \u00e9 uma das propostas da XVII Semana Estadual Sobre Drogas, realizada pelo Governo do Tocantins, atrav\u00e9s da Diretoria de Direitos Humanos da Secretaria de Estado da Cidadania e Justi\u00e7a (Seciju), por meio da Ger\u00eancia de Preven\u00e7\u00e3o contra as Drogas e do Conselho Estadual Sobre Drogas (Conesd\/TO). A\u00e7\u00f5es simult\u00e2neas com o tema: \u201cConscientizar ainda \u00e9 a melhor preven\u00e7\u00e3o\u201d ocorrem em diversos munic\u00edpios do Estado, desde segunda-feira, 25, at\u00e9 sexta-feira, 29.<\/p>\n\n\n\n<p>O gerente de Preven\u00e7\u00e3o Contra as Drogas, Ronan Dorneles de Souza, explica que as parcerias com os munic\u00edpios s\u00e3o favor\u00e1veis e fundamentais para atingir diversos p\u00fablicos no Tocantins. \u201cTemos diversas parcerias com o objetivo de atingir tanto o p\u00fablico civil, como o governamental. Com a uni\u00e3o de for\u00e7as, poderemos ser mais abrangentes e eficazes em nossa programa\u00e7\u00e3o\u201d, ressaltou.<\/p>\n\n\n\n<p>O gerente destaca ainda que duas atividades marcam a programa\u00e7\u00e3o. \u201cDentro da programa\u00e7\u00e3o eu ressaltaria a II Olimp\u00edada das Comunidades Terap\u00eauticas, na qual haver\u00e1 grande participa\u00e7\u00e3o da diretoria e dos adictos da Fazenda da Esperan\u00e7a de Porto Nacional, e tamb\u00e9m o Simp\u00f3sio sobre Drogas que acontecer\u00e1 no audit\u00f3rio da OAB [Ordem dos Advogados do Brasil], na Capital. Este evento valer\u00e1 oito horas curriculares e ter\u00e1 a presen\u00e7a de profissionais de renome, como o doutor S\u00e9rgio Fernando Raimundo Harfouche, autor de projetos na \u00e1rea\u201d, concluiu.<\/p>\n\n\n\n<p>Confira a programa\u00e7\u00e3o da XVII Semana Estadual Sobre Drogas em outros munic\u00edpios do Tocantins:<\/p>\n\n\n\n<p>Abreul\u00e2ndia<\/p>\n\n\n\n<p>Est\u00e1 prevista uma noite cultural com uma pe\u00e7a teatral com foco na guerra contra as drogas. A atividade ser\u00e1 realizada com adolescentes na noite de quarta-feira, 27, na sede do Centro de Refer\u00eancia da Assist\u00eancia Social (Cras).<\/p>\n\n\n\n<p>Aragominas<\/p>\n\n\n\n<p>Ocorrer\u00e1 na quinta-feira, 28, na sede do Cras do munic\u00edpio, uma roda de conversa sobre servi\u00e7o de conviv\u00eancia e fortalecimento de v\u00ednculos.<\/p>\n\n\n\n<p>Cariri do Tocantins<\/p>\n\n\n\n<p>J\u00e1 em Cariri, acontecem palestras, v\u00eddeos e pe\u00e7as teatrais durante esta quinta-feira, 28, no audit\u00f3rio da Escola Municipal Divina Ribeiro Borges.<\/p>\n\n\n\n<p>Lizarda<\/p>\n\n\n\n<p>Durante esta quinta-feira, 28, ser\u00e1 realizada palestra sobre Preven\u00e7\u00e3o ao uso de drogas no Cras do munic\u00edpio.<\/p>\n\n\n\n<p>Gurupi<\/p>\n\n\n\n<p>Haver\u00e1, nesta quarta-feira, 27, \u00e0s 09h, Grupo terap\u00eautico com tema \u201cPreven\u00e7\u00e3o a reca\u00edda\u201d, no CAPS AD III.<\/p>\n\n\n\n<p>Palmas<\/p>\n\n\n\n<p>\u00c9 importante destacar que o cronograma de atividades do evento promover\u00e1 nesta quinta-feira, 28, o I Simp\u00f3sio de Pol\u00edticas sobre Drogas do Tocantins: Do Saber ao Prevenir, que contar\u00e1 com palestra e mesas de debates, no audit\u00f3rio da OAB, em Palmas.<\/p>\n\n\n\n<p>Porto Nacional<\/p>\n\n\n\n<p>Durante a sexta-feira, 29, ser\u00e1 realizada a \u201cII Olimp\u00edada das Comunidade Terap\u00eauticas e Parceiros\u201d, na sede do Cras.<\/p>\n\n\n\n<p>Rio Sono<\/p>\n\n\n\n<p>At\u00e9 quinta-feira, 28, das 8 \u00e0s 18 horas, est\u00e3o programadas rodas de conversa sobre a tem\u00e1tica de drogas na sede do Cras.<\/p>\n\n\n\n<p>Tocantin\u00f3polis<\/p>\n\n\n\n<p>Ser\u00e1 ministrada a palestra Viver \u00e9 se autovalorizar: diga sim \u00e0 vida e n\u00e3o \u00e0s Drogas, e a roda de conversa fecha a Semana Estadual sobre Drogas nesta sexta-feira, 19, na sede do Cras.<\/p>\n","protected":false},"excerpt":{"rendered":"<p>Pensar em estruturar a pol\u00edtica de atendimento focada no usu\u00e1rio e no contexto sociocultural que ele se insere \u00e9 uma das propostas da XVII Semana Estadual Sobre Drogas, realizada pelo Governo do Tocantins, atrav\u00e9s da Diretoria de Direitos Humanos da Secretaria de Estado da Cidadania e Justi\u00e7a (Seciju), por meio da Ger\u00eancia de Preven\u00e7\u00e3o contra [&hellip;]<\/p>\n","protected":false},"author":2,"featured_media":4435,"comment_status":"open","ping_status":"open","sticky":false,"template":"","format":"standard","meta":[],"categories":[3],"tags":[],"_links":{"self":[{"href":"https:\/\/dgospel.com.br\/portal\/index.php\/wp-json\/wp\/v2\/posts\/4434"}],"collection":[{"href":"https:\/\/dgospel.com.br\/portal\/index.php\/wp-json\/wp\/v2\/posts"}],"about":[{"href":"https:\/\/dgospel.com.br\/portal\/index.php\/wp-json\/wp\/v2\/types\/post"}],"author":[{"embeddable":true,"href":"https:\/\/dgospel.com.br\/portal\/index.php\/wp-json\/wp\/v2\/users\/2"}],"replies":[{"embeddable":true,"href":"https:\/\/dgospel.com.br\/portal\/index.php\/wp-json\/wp\/v2\/comments?post=4434"}],"version-history":[{"count":1,"href":"https:\/\/dgospel.com.br\/portal\/index.php\/wp-json\/wp\/v2\/posts\/4434\/revisions"}],"predecessor-version":[{"id":4436,"href":"https:\/\/dgospel.com.br\/portal\/index.php\/wp-json\/wp\/v2\/posts\/4434\/revisions\/4436"}],"wp:featuredmedia":[{"embeddable":true,"href":"https:\/\/dgospel.com.br\/portal\/index.php\/wp-json\/wp\/v2\/media\/4435"}],"wp:attachment":[{"href":"https:\/\/dgospel.com.br\/portal\/index.php\/wp-json\/wp\/v2\/media?parent=4434"}],"wp:term":[{"taxonomy":"category","embeddable":true,"href":"https:\/\/dgospel.com.br\/portal\/index.php\/wp-json\/wp\/v2\/categories?post=4434"},{"taxonomy":"post_tag","embeddable":true,"href":"https:\/\/dgospel.com.br\/portal\/index.php\/wp-json\/wp\/v2\/tags?post=4434"}],"curies":[{"name":"wp","href":"https:\/\/api.w.org\/{rel}","templated":true}]}}