{"id":4437,"date":"2019-11-28T11:35:59","date_gmt":"2019-11-28T14:35:59","guid":{"rendered":"http:\/\/dgospel.com.br\/portal\/?p=4437"},"modified":"2019-11-28T11:41:19","modified_gmt":"2019-11-28T14:41:19","slug":"deputado-leo-barbosa-solicita-implantacao-de-unidade-do-iml-na-regiao-sudeste-do-estado","status":"publish","type":"post","link":"https:\/\/dgospel.com.br\/portal\/index.php\/2019\/11\/28\/deputado-leo-barbosa-solicita-implantacao-de-unidade-do-iml-na-regiao-sudeste-do-estado\/","title":{"rendered":"Deputado L\u00e9o Barbosa solicita implanta\u00e7\u00e3o de unidade do IML na regi\u00e3o Sudeste do Estado"},"content":{"rendered":"\n<p>O deputado estadual L\u00e9o Barbosa (SD) solicitou ao governo do Estado, por meio de requerimento aprovado na Assembleia Legislativa nesta quarta-feira (27), a implanta\u00e7\u00e3o de um posto do Instituto M\u00e9dico Legal \u2013 IML na regi\u00e3o Sudeste do Tocantins, preferencialmente em Arraias ou Taguatinga.<\/p>\n\n\n\n<p>A demanda foi encaminhada ao deputado por interm\u00e9dio do vereador Dione do Pastel que reside no munic\u00edpio de Combinado e relatou a dificuldade que a regi\u00e3o enfrenta para conseguir atendimentos oferecidos pelo IML, tendo em vista que a unidade mais pr\u00f3xima fica em Porto Nacional.<\/p>\n\n\n\n<p>Dione explica que antigamente o servi\u00e7o era prestado pelo posto de Natividade, no entanto, ele n\u00e3o est\u00e1 mais em funcionamento e agora a cidade passou a ser atendida por Porto Nacional. &#8220;Na \u00faltima sexta-feira (15), o senhor Cl\u00e9ber Caetano faleceu e o IML s\u00f3 chegou no s\u00e1bado, \u00e0s 18 horas, por isso a fam\u00edlia n\u00e3o conseguiu dar um vel\u00f3rio digno para ele. Precisamos de uma unidade que nos atenda mais rapidamente e essa \u00e9 uma demanda de v\u00e1rios munic\u00edpios da regi\u00e3o&#8221;, disse Dione.<\/p>\n\n\n\n<p>&nbsp;Para o deputado L\u00e9o Barbosa, a abertura de um posto em Arraias ou Taguatinga pode atender uma regi\u00e3o bem abrangente e proporcionar um servi\u00e7o mais eficiente \u00e0 popula\u00e7\u00e3o.<\/p>\n\n\n\n<p>&#8220;Essa \u00e9 uma reivindica\u00e7\u00e3o da comunidade e, se atendida, viabilizar\u00e1 a melhoria dos servi\u00e7os prestados pelo IML, em especial&nbsp;aos cidad\u00e3os em situa\u00e7\u00e3o de vulnerabilidade, v\u00edtimas de viol\u00eancia e familiares de pessoas que foram a \u00f3bito e necessitam de identifica\u00e7\u00e3o&#8221;, destacou L\u00e9o.<\/p>\n","protected":false},"excerpt":{"rendered":"<p>O deputado estadual L\u00e9o Barbosa (SD) solicitou ao governo do Estado, por meio de requerimento aprovado na Assembleia Legislativa nesta quarta-feira (27), a implanta\u00e7\u00e3o de um posto do Instituto M\u00e9dico Legal \u2013 IML na regi\u00e3o Sudeste do Tocantins, preferencialmente em Arraias ou Taguatinga. A demanda foi encaminhada ao deputado por interm\u00e9dio do vereador Dione do [&hellip;]<\/p>\n","protected":false},"author":2,"featured_media":4438,"comment_status":"open","ping_status":"open","sticky":false,"template":"","format":"standard","meta":[],"categories":[8],"tags":[],"_links":{"self":[{"href":"https:\/\/dgospel.com.br\/portal\/index.php\/wp-json\/wp\/v2\/posts\/4437"}],"collection":[{"href":"https:\/\/dgospel.com.br\/portal\/index.php\/wp-json\/wp\/v2\/posts"}],"about":[{"href":"https:\/\/dgospel.com.br\/portal\/index.php\/wp-json\/wp\/v2\/types\/post"}],"author":[{"embeddable":true,"href":"https:\/\/dgospel.com.br\/portal\/index.php\/wp-json\/wp\/v2\/users\/2"}],"replies":[{"embeddable":true,"href":"https:\/\/dgospel.com.br\/portal\/index.php\/wp-json\/wp\/v2\/comments?post=4437"}],"version-history":[{"count":1,"href":"https:\/\/dgospel.com.br\/portal\/index.php\/wp-json\/wp\/v2\/posts\/4437\/revisions"}],"predecessor-version":[{"id":4439,"href":"https:\/\/dgospel.com.br\/portal\/index.php\/wp-json\/wp\/v2\/posts\/4437\/revisions\/4439"}],"wp:featuredmedia":[{"embeddable":true,"href":"https:\/\/dgospel.com.br\/portal\/index.php\/wp-json\/wp\/v2\/media\/4438"}],"wp:attachment":[{"href":"https:\/\/dgospel.com.br\/portal\/index.php\/wp-json\/wp\/v2\/media?parent=4437"}],"wp:term":[{"taxonomy":"category","embeddable":true,"href":"https:\/\/dgospel.com.br\/portal\/index.php\/wp-json\/wp\/v2\/categories?post=4437"},{"taxonomy":"post_tag","embeddable":true,"href":"https:\/\/dgospel.com.br\/portal\/index.php\/wp-json\/wp\/v2\/tags?post=4437"}],"curies":[{"name":"wp","href":"https:\/\/api.w.org\/{rel}","templated":true}]}}