{"id":4441,"date":"2019-12-03T10:42:46","date_gmt":"2019-12-03T13:42:46","guid":{"rendered":"http:\/\/dgospel.com.br\/portal\/?p=4441"},"modified":"2019-12-03T10:42:48","modified_gmt":"2019-12-03T13:42:48","slug":"numero-de-feriados-em-dias-uteis-cresce-em-2020","status":"publish","type":"post","link":"https:\/\/dgospel.com.br\/portal\/index.php\/2019\/12\/03\/numero-de-feriados-em-dias-uteis-cresce-em-2020\/","title":{"rendered":"N\u00famero de feriados em dias \u00fateis cresce em 2020"},"content":{"rendered":"\n<p>Em 2020 o brasileiro vai descansar mais. De acordo com o Calend\u00e1rio 365, o ano que vem ter\u00e1 nove feriados nacionais em dias de semana, quase o dobro de 2019. Com isso, o impacto na \u00e1rea tur\u00edstica tende a crescer.<\/p>\n\n\n\n<p>Segundo um estudo realizado pelo Conselho Mundial de Viagens e Turismo (WTTC, sigla em ingl\u00eas), o impacto do turismo gerou uma participa\u00e7\u00e3o de US$ 8,8 trilh\u00f5es ao Produto Interno Bruto (PIB) mundial (10,4%). O estudo do Conselho analisou 185 pa\u00edses, de 25 regi\u00f5es geogr\u00e1ficas ou econ\u00f4micas. A entidade \u00e9 a principal consultoria independente de turismo no mundo. &nbsp;<\/p>\n\n\n\n<p>Para a coordenadora da Escola Superior de Gest\u00e3o de Turismo do Centro Universit\u00e1rio Internacional Uninter, Grazielle Ueno Maccoppi, o impacto dos feriados no turismo do Brasil \u00e9 positivo. \u2018\u2018As pessoas tendem a buscar por destinos pr\u00f3ximos, onde entram na disputa atrativos regionais e, dependendo da quantidade de dias, at\u00e9 destinos nacionais\u2019\u2019, explica.<\/p>\n\n\n\n<p>Para grande parte da popula\u00e7\u00e3o, os feriados s\u00e3o uma das poucas op\u00e7\u00f5es de descanso e per\u00edodo para viagens j\u00e1 que muitos trabalham ou estudam presencialmente. Por esse motivo, a coordenadora explica que \u00e9 preciso se atentar \u00e0s tarifas de alta temporada. \u2018\u2018A grande maioria dos meios de hospedagem aplicam a tarifa de alta temporada, acrescentando at\u00e9 30% aos valores das di\u00e1rias\u2019\u2019, explica Grazielle.<\/p>\n\n\n\n<p>Apesar disso, caso haja um planejamento pr\u00e9vio, o feriado \u00e9 uma boa ocasi\u00e3o para conhecer novos lugares. \u2018\u2018\u00c9 sempre um bom momento para viajar pelo seu estado e conhecer destinos tur\u00edsticos pr\u00f3ximos\u2019\u2019, diz a coordenadora.<\/p>\n\n\n\n<p>Para os feriados de 2020, a dica \u00e9 anteced\u00eancia e planejamento. Quanto antes a organiza\u00e7\u00e3o for feita, mais condi\u00e7\u00f5es de boas negocia\u00e7\u00f5es podem acontecer. Segundo a especialista, n\u00e3o \u00e9 s\u00f3 com passagens que o viajante deve se preocupar. \u00c9 importante&nbsp;verificar restaurantes para reservar previamente, verificar a agenda cultural da cidade e garantir ingressos de eventos antes da data prevista, al\u00e9m de estudar op\u00e7\u00f5es para n\u00e3o gastar al\u00e9m do planejado.<br><\/p>\n","protected":false},"excerpt":{"rendered":"<p>Em 2020 o brasileiro vai descansar mais. De acordo com o Calend\u00e1rio 365, o ano que vem ter\u00e1 nove feriados nacionais em dias de semana, quase o dobro de 2019. Com isso, o impacto na \u00e1rea tur\u00edstica tende a crescer. Segundo um estudo realizado pelo Conselho Mundial de Viagens e Turismo (WTTC, sigla em ingl\u00eas), [&hellip;]<\/p>\n","protected":false},"author":2,"featured_media":4442,"comment_status":"open","ping_status":"open","sticky":false,"template":"","format":"standard","meta":[],"categories":[6],"tags":[],"_links":{"self":[{"href":"https:\/\/dgospel.com.br\/portal\/index.php\/wp-json\/wp\/v2\/posts\/4441"}],"collection":[{"href":"https:\/\/dgospel.com.br\/portal\/index.php\/wp-json\/wp\/v2\/posts"}],"about":[{"href":"https:\/\/dgospel.com.br\/portal\/index.php\/wp-json\/wp\/v2\/types\/post"}],"author":[{"embeddable":true,"href":"https:\/\/dgospel.com.br\/portal\/index.php\/wp-json\/wp\/v2\/users\/2"}],"replies":[{"embeddable":true,"href":"https:\/\/dgospel.com.br\/portal\/index.php\/wp-json\/wp\/v2\/comments?post=4441"}],"version-history":[{"count":1,"href":"https:\/\/dgospel.com.br\/portal\/index.php\/wp-json\/wp\/v2\/posts\/4441\/revisions"}],"predecessor-version":[{"id":4443,"href":"https:\/\/dgospel.com.br\/portal\/index.php\/wp-json\/wp\/v2\/posts\/4441\/revisions\/4443"}],"wp:featuredmedia":[{"embeddable":true,"href":"https:\/\/dgospel.com.br\/portal\/index.php\/wp-json\/wp\/v2\/media\/4442"}],"wp:attachment":[{"href":"https:\/\/dgospel.com.br\/portal\/index.php\/wp-json\/wp\/v2\/media?parent=4441"}],"wp:term":[{"taxonomy":"category","embeddable":true,"href":"https:\/\/dgospel.com.br\/portal\/index.php\/wp-json\/wp\/v2\/categories?post=4441"},{"taxonomy":"post_tag","embeddable":true,"href":"https:\/\/dgospel.com.br\/portal\/index.php\/wp-json\/wp\/v2\/tags?post=4441"}],"curies":[{"name":"wp","href":"https:\/\/api.w.org\/{rel}","templated":true}]}}