{"id":4444,"date":"2019-12-03T10:46:13","date_gmt":"2019-12-03T13:46:13","guid":{"rendered":"http:\/\/dgospel.com.br\/portal\/?p=4444"},"modified":"2019-12-03T10:46:15","modified_gmt":"2019-12-03T13:46:15","slug":"refis-palmas-2019-e-prorrogado-ate-20-de-dezembro","status":"publish","type":"post","link":"https:\/\/dgospel.com.br\/portal\/index.php\/2019\/12\/03\/refis-palmas-2019-e-prorrogado-ate-20-de-dezembro\/","title":{"rendered":"Refis Palmas 2019 \u00e9 prorrogado at\u00e9 20 de dezembro"},"content":{"rendered":"\n<p>Diante da grande procura nas tr\u00eas unidades do Resolve Palmas, a Prefeitura de Palmas, por meio da Secretaria de Finan\u00e7as (Sefin), prorrogou 3\u00ba Mutir\u00e3o de Negocia\u00e7\u00e3o para Regulariza\u00e7\u00e3o Fiscal de Palmas (Refis 2019). Desta forma, os contribuintes ter\u00e3o at\u00e9 o dia 20 de dezembro para quitar seus d\u00e9bitos.<\/p>\n\n\n\n<p>O secret\u00e1rio de Finan\u00e7as, Rog\u00e9rio Ramos alerta para que os contribuintes fiquem atentos para n\u00e3o perderem a oportunidade de negociar seus d\u00e9bitos e ficarem em dias com os tributos municipais.<\/p>\n\n\n\n<p>As negocia\u00e7\u00f5es est\u00e3o acontecendo nas tr\u00eas unidades do Resolve Palmas, localizadas na Avenida JK, no Capim Dourado Shopping e em Taquaralto e os atendimentos acontecem das 8 \u00e0s 18 horas, ininterruptamente. A exce\u00e7\u00e3o \u00e9 no Resolve Palmas do Shopping Capim Dourado, onde o \u00f3rg\u00e3o funciona em hor\u00e1rio diferenciado, operando das 12 \u00e0s 21 horas.<\/p>\n\n\n\n<p>A inten\u00e7\u00e3o da Administra\u00e7\u00e3o Municipal ao prorrogar o prazo do Refis 2019 \u00e9 oferecer&nbsp; oportunidade aos contribuintes que n\u00e3o conseguiram negociar seus d\u00e9bitos no per\u00edodo regular do programa. Com a prorroga\u00e7\u00e3o, foram mantidas as regras para descontos em juros e multas para pagamentos parcelados ou \u00e0 vista em at\u00e9 100%.<\/p>\n\n\n\n<p><strong>P\u00fablico-alvo<\/strong><\/p>\n\n\n\n<p>O Refis 2019 \u00e9 direcionado aos contribuintes que est\u00e3o em atraso com o Imposto Predial e Territorial Urbano (IPTU), ISSQN, ITBI e taxas, al\u00e9m das multas de poder de pol\u00edcia (obras, posturas, uso do solo, infra\u00e7\u00f5es ambientais, autua\u00e7\u00e3o da Vigil\u00e2ncia Sanit\u00e1ria e descumprimento da legisla\u00e7\u00e3o de licita\u00e7\u00f5es e contratos, dentre outros).<\/p>\n\n\n\n<p>Para agilizar o atendimento a pessoa que pretende negociar seus d\u00e9bitos pode consult\u00e1-los por meio do hotsite&nbsp;<a rel=\"noreferrer noopener\" target=\"_blank\" href=\"http:\/\/refis.palmas.to.gov.br\/\">refis.palmas.to.gov.br<\/a>., onde tamb\u00e9m ser\u00e1 poss\u00edvel negociar os descontos relativos \u00e0 op\u00e7\u00e3o de pagamento \u00e0 vista, que chegam a 100% de juros e multas por inadimpl\u00eancia.<br><\/p>\n","protected":false},"excerpt":{"rendered":"<p>Diante da grande procura nas tr\u00eas unidades do Resolve Palmas, a Prefeitura de Palmas, por meio da Secretaria de Finan\u00e7as (Sefin), prorrogou 3\u00ba Mutir\u00e3o de Negocia\u00e7\u00e3o para Regulariza\u00e7\u00e3o Fiscal de Palmas (Refis 2019). Desta forma, os contribuintes ter\u00e3o at\u00e9 o dia 20 de dezembro para quitar seus d\u00e9bitos. O secret\u00e1rio de Finan\u00e7as, Rog\u00e9rio Ramos alerta [&hellip;]<\/p>\n","protected":false},"author":2,"featured_media":4445,"comment_status":"open","ping_status":"open","sticky":false,"template":"","format":"standard","meta":[],"categories":[3],"tags":[],"_links":{"self":[{"href":"https:\/\/dgospel.com.br\/portal\/index.php\/wp-json\/wp\/v2\/posts\/4444"}],"collection":[{"href":"https:\/\/dgospel.com.br\/portal\/index.php\/wp-json\/wp\/v2\/posts"}],"about":[{"href":"https:\/\/dgospel.com.br\/portal\/index.php\/wp-json\/wp\/v2\/types\/post"}],"author":[{"embeddable":true,"href":"https:\/\/dgospel.com.br\/portal\/index.php\/wp-json\/wp\/v2\/users\/2"}],"replies":[{"embeddable":true,"href":"https:\/\/dgospel.com.br\/portal\/index.php\/wp-json\/wp\/v2\/comments?post=4444"}],"version-history":[{"count":1,"href":"https:\/\/dgospel.com.br\/portal\/index.php\/wp-json\/wp\/v2\/posts\/4444\/revisions"}],"predecessor-version":[{"id":4446,"href":"https:\/\/dgospel.com.br\/portal\/index.php\/wp-json\/wp\/v2\/posts\/4444\/revisions\/4446"}],"wp:featuredmedia":[{"embeddable":true,"href":"https:\/\/dgospel.com.br\/portal\/index.php\/wp-json\/wp\/v2\/media\/4445"}],"wp:attachment":[{"href":"https:\/\/dgospel.com.br\/portal\/index.php\/wp-json\/wp\/v2\/media?parent=4444"}],"wp:term":[{"taxonomy":"category","embeddable":true,"href":"https:\/\/dgospel.com.br\/portal\/index.php\/wp-json\/wp\/v2\/categories?post=4444"},{"taxonomy":"post_tag","embeddable":true,"href":"https:\/\/dgospel.com.br\/portal\/index.php\/wp-json\/wp\/v2\/tags?post=4444"}],"curies":[{"name":"wp","href":"https:\/\/api.w.org\/{rel}","templated":true}]}}