{"id":4447,"date":"2019-12-03T11:26:12","date_gmt":"2019-12-03T14:26:12","guid":{"rendered":"http:\/\/dgospel.com.br\/portal\/?p=4447"},"modified":"2019-12-03T11:26:13","modified_gmt":"2019-12-03T14:26:13","slug":"procon-autua-quatro-estabelecimentos-durante-a-operacao-black-friday","status":"publish","type":"post","link":"https:\/\/dgospel.com.br\/portal\/index.php\/2019\/12\/03\/procon-autua-quatro-estabelecimentos-durante-a-operacao-black-friday\/","title":{"rendered":"Procon autua quatro estabelecimentos durante a Opera\u00e7\u00e3o Black Friday"},"content":{"rendered":"\n<p>Por propaganda enganosa e aus\u00eancia de pre\u00e7o, o Procon autuou quatro estabelecimentos durante a Opera\u00e7\u00e3o Black Friday, realizada na \u00faltima sexta-feira, 29. A fiscaliza\u00e7\u00e3o ocorreu em Palmas, Gurupi, Porto Nacional, Dian\u00f3polis, Guara\u00ed, Colinas, Aragua\u00edna e Tocantin\u00f3polis.<\/p>\n\n\n\n<p>Ao todo, 119 estabelecimentos foram fiscalizados e 1.123 produtos monitorados de diversos segmentos, desde ve\u00edculos, eletr\u00f4nicos, eletrodom\u00e9sticos, celulares, m\u00f3veis, perfumarias, inform\u00e1tica, vestu\u00e1rios, cal\u00e7ados, artigos esportivos, brinquedos e&nbsp;alimenta\u00e7\u00e3o.<\/p>\n\n\n\n<p>A opera\u00e7\u00e3o aconteceu em duas fases: monitoramento de pre\u00e7os, realizado desde o \u00faltimo 11;&nbsp;e a fiscaliza\u00e7\u00e3o no com\u00e9rcio. O \u00f3rg\u00e3o tamb\u00e9m trabalhou em regime de plant\u00e3o com dilig\u00eancias realizadas na quinta e na sexta-feira (28 e 29).<\/p>\n\n\n\n<p>O superintendente do Procon, Walter Viana, destacou que as autua\u00e7\u00f5es ocorreram em Palmas, Gurupi e Tocantin\u00f3polis. \u201cForam tr\u00eas autos por publicidade enganosa e um por aus\u00eancia de precifica\u00e7\u00e3o. Algumas situa\u00e7\u00f5es foram denunciadas por consumidores. O Procon refor\u00e7ou as a\u00e7\u00f5es durante Opera\u00e7\u00e3o Black Friday para evitar danos aos consumidores, como no caso de aumentar o valor do produto para oferecer um falso desconto\u201d, explicou.<\/p>\n\n\n\n<p>O gerente de Fiscaliza\u00e7\u00e3o, Magno Silva, refor\u00e7ou que o \u00f3rg\u00e3o de Defesa do Consumidor continua atento \u00e0s reclama\u00e7\u00f5es dos consumidores. \u201cAgora \u00e9 o momento que intensificamos nossas a\u00e7\u00f5es com aqueles consumidores que tiveram algum problema neste per\u00edodo de ofertas. Por isso, orientamos a procurar o Procon e denunciar ou formalizar a reclama\u00e7\u00e3o\u201d, ressaltou.<\/p>\n\n\n\n<p><strong>Denuncie<\/strong><\/p>\n\n\n\n<p>Ao perceber qualquer irregularidade nos pre\u00e7os e qualidade dos produtos, o consumidor deve fazer den\u00fancia ao Procon&nbsp;por meio do&nbsp;Disque Procon 151 ou pelo WhatsApp Den\u00fancia no (63) 99216-6840.<\/p>\n","protected":false},"excerpt":{"rendered":"<p>Por propaganda enganosa e aus\u00eancia de pre\u00e7o, o Procon autuou quatro estabelecimentos durante a Opera\u00e7\u00e3o Black Friday, realizada na \u00faltima sexta-feira, 29. A fiscaliza\u00e7\u00e3o ocorreu em Palmas, Gurupi, Porto Nacional, Dian\u00f3polis, Guara\u00ed, Colinas, Aragua\u00edna e Tocantin\u00f3polis. Ao todo, 119 estabelecimentos foram fiscalizados e 1.123 produtos monitorados de diversos segmentos, desde ve\u00edculos, eletr\u00f4nicos, eletrodom\u00e9sticos, celulares, m\u00f3veis, [&hellip;]<\/p>\n","protected":false},"author":2,"featured_media":4448,"comment_status":"open","ping_status":"open","sticky":false,"template":"","format":"standard","meta":[],"categories":[3],"tags":[],"_links":{"self":[{"href":"https:\/\/dgospel.com.br\/portal\/index.php\/wp-json\/wp\/v2\/posts\/4447"}],"collection":[{"href":"https:\/\/dgospel.com.br\/portal\/index.php\/wp-json\/wp\/v2\/posts"}],"about":[{"href":"https:\/\/dgospel.com.br\/portal\/index.php\/wp-json\/wp\/v2\/types\/post"}],"author":[{"embeddable":true,"href":"https:\/\/dgospel.com.br\/portal\/index.php\/wp-json\/wp\/v2\/users\/2"}],"replies":[{"embeddable":true,"href":"https:\/\/dgospel.com.br\/portal\/index.php\/wp-json\/wp\/v2\/comments?post=4447"}],"version-history":[{"count":1,"href":"https:\/\/dgospel.com.br\/portal\/index.php\/wp-json\/wp\/v2\/posts\/4447\/revisions"}],"predecessor-version":[{"id":4449,"href":"https:\/\/dgospel.com.br\/portal\/index.php\/wp-json\/wp\/v2\/posts\/4447\/revisions\/4449"}],"wp:featuredmedia":[{"embeddable":true,"href":"https:\/\/dgospel.com.br\/portal\/index.php\/wp-json\/wp\/v2\/media\/4448"}],"wp:attachment":[{"href":"https:\/\/dgospel.com.br\/portal\/index.php\/wp-json\/wp\/v2\/media?parent=4447"}],"wp:term":[{"taxonomy":"category","embeddable":true,"href":"https:\/\/dgospel.com.br\/portal\/index.php\/wp-json\/wp\/v2\/categories?post=4447"},{"taxonomy":"post_tag","embeddable":true,"href":"https:\/\/dgospel.com.br\/portal\/index.php\/wp-json\/wp\/v2\/tags?post=4447"}],"curies":[{"name":"wp","href":"https:\/\/api.w.org\/{rel}","templated":true}]}}