{"id":4450,"date":"2019-12-03T11:28:53","date_gmt":"2019-12-03T14:28:53","guid":{"rendered":"http:\/\/dgospel.com.br\/portal\/?p=4450"},"modified":"2019-12-03T11:28:54","modified_gmt":"2019-12-03T14:28:54","slug":"governo-do-tocantins-implanta-nucleo-de-identificacao-em-taquaralto","status":"publish","type":"post","link":"https:\/\/dgospel.com.br\/portal\/index.php\/2019\/12\/03\/governo-do-tocantins-implanta-nucleo-de-identificacao-em-taquaralto\/","title":{"rendered":"Governo do Tocantins implanta N\u00facleo de Identifica\u00e7\u00e3o em Taquaralto"},"content":{"rendered":"\n<p>O Governo do Tocantins inaugurou nesta segunda-feira, 2, mais um N\u00facleo de Identifica\u00e7\u00e3o da Secretaria de Estado da Seguran\u00e7a P\u00fablica (SSP), desta vez em Taquaralto, na sede do Resolve Palmas Sul. Este \u00e9 o terceiro posto implantado em apenas tr\u00eas meses, o que indica a disposi\u00e7\u00e3o da gest\u00e3o do governador Mauro Carlesse em descentralizar a presta\u00e7\u00e3o de servi\u00e7os essenciais para a popula\u00e7\u00e3o, como \u00e9 o caso das emiss\u00f5es da Carteira de Identidade e da Certid\u00e3o de Antecedentes Criminais, realizadas pelos n\u00facleos de identifica\u00e7\u00e3o. Outros dois postos de identifica\u00e7\u00e3o foram implantados em Taquaru\u00e7u e Luzimangues, em agosto deste ano.<\/p>\n\n\n\n<p>O vice-governador do Tocantins, Wanderlei Barbosa, que representou o governador Carlesse no evento, ressaltou a import\u00e2ncia da parceria institucional entre o Governo do Estado e a Prefeitura de Palmas em benef\u00edcio da popula\u00e7\u00e3o. \u201cQuero dizer da nossa alegria por essa inaugura\u00e7\u00e3o e tamb\u00e9m do fortalecimento institucional. Por isso, quero agradecer a cess\u00e3o da Prefeitura para que pud\u00e9ssemos instalar esse \u00f3rg\u00e3o importante. Quando a Prefeitura cede esse espa\u00e7o para o Governo Estadual, ela est\u00e1 cedendo para o povo de Palmas e para o povo do Tocantins\u201d, declarou.<\/p>\n\n\n\n<p>Wanderlei Barbosa tamb\u00e9m destacou que essa a\u00e7\u00e3o tem o objetivo de aproximar a popula\u00e7\u00e3o dos servi\u00e7os prestados pelo poder p\u00fablico. \u201cN\u00f3s queremos descentralizar para melhorar, para trazer para mais perto das pessoas o servi\u00e7o p\u00fablico que est\u00e1 distante. N\u00f3s inauguramos um Posto em Taquaru\u00e7u, um em Luzimangues e agora estamos entregando este aqui em Taquaralto. Ent\u00e3o, temos que ter a sensibilidade de buscar levar o servi\u00e7o p\u00fablico para onde est\u00e3o as pessoas, para que elas sejam melhores atendidas\u201d, afirmou.<\/p>\n\n\n\n<p>O secret\u00e1rio de Estado da Seguran\u00e7a P\u00fablica, Cristiano Sampaio, refor\u00e7ou o intuito de facilitar a vida do cidad\u00e3o, que muitas vezes precisa fazer um longo percurso para acessar um servi\u00e7o p\u00fablico, e que agora, com o N\u00facleo em Taquaralto, ter\u00e1 sua necessidade atendida de forma mais efetiva. \u201cIsso \u00e9 respeito \u00e0 popula\u00e7\u00e3o, \u00e9 respeito \u00e0 cidadania e respeito ao direito das pessoas em ter a sua Carteira de Identidade. A nossa obriga\u00e7\u00e3o \u00e9 fazer o servi\u00e7o funcionar bem\u201d, frisou.<\/p>\n\n\n\n<p><strong>Ampliando o atendimento<\/strong><\/p>\n\n\n\n<p>O Resolve Palmas Sul faz cerca de 18 mil atendimentos ao m\u00eas, prestando diversos servi\u00e7os p\u00fablicos como pagamento de taxas municipais, intermedia\u00e7\u00e3o de emprego e recebimento de reclama\u00e7\u00f5es do com\u00e9rcio local. Segundo a administra\u00e7\u00e3o da unidade, a emiss\u00e3o da Carteira de Identidade era uma demanda reprimida da popula\u00e7\u00e3o da regi\u00e3o.<\/p>\n\n\n\n<p>A diarista Ana Rodrigues Neres, moradora do Setor Santa B\u00e1rbara, aproveitou a abertura dos servi\u00e7os para iniciar o processo de emiss\u00e3o do Registro Geral (RG) da sua filha, a estudante Fernanda Rodrigues Silva, de 11 anos. \u201cFacilitou muito a nossa vida, porque hoje a gente precisa da Carteira de Identidade para tudo, seja para fazer matr\u00edcula ou participar das competi\u00e7\u00f5es de estudante, ent\u00e3o isso \u00e9 muito importante. Eu agrade\u00e7o muito ter esse posto aqui na nossa regi\u00e3o\u201d, comemorou.<\/p>\n\n\n\n<p>Para a vendedora Andresa Costa Miranda, a inaugura\u00e7\u00e3o do N\u00facleo de Identifica\u00e7\u00e3o tamb\u00e9m vai facilitar muito a sua vida. \u201cTudo que a gente vai fazer tem que correr pro Centro [de Palmas], a\u00ed \u00e9 complicado por causa da locomo\u00e7\u00e3o. O posto vai melhorar bastante a nossa vida\u201d, comentou.<\/p>\n\n\n\n<p>O&nbsp;vereador&nbsp;H\u00e9lio Santana; o chefe da Unidade de Atendimento do Resolve Palmas Sul, Deliel Barbosa; a diretora do Instituto de Identifica\u00e7\u00e3o da SSP, Na\u00eddes C\u00e9sar Silva; a delegada-geral da Pol\u00edcia Civil, Raimunda Bezerra de Souza; servidores p\u00fablicos e popula\u00e7\u00e3o em geral estiveram&nbsp;presentes \u00e0 solenidade de inaugura\u00e7\u00e3o.<\/p>\n","protected":false},"excerpt":{"rendered":"<p>O Governo do Tocantins inaugurou nesta segunda-feira, 2, mais um N\u00facleo de Identifica\u00e7\u00e3o da Secretaria de Estado da Seguran\u00e7a P\u00fablica (SSP), desta vez em Taquaralto, na sede do Resolve Palmas Sul. Este \u00e9 o terceiro posto implantado em apenas tr\u00eas meses, o que indica a disposi\u00e7\u00e3o da gest\u00e3o do governador Mauro Carlesse em descentralizar a [&hellip;]<\/p>\n","protected":false},"author":2,"featured_media":4452,"comment_status":"open","ping_status":"open","sticky":false,"template":"","format":"standard","meta":[],"categories":[4],"tags":[],"_links":{"self":[{"href":"https:\/\/dgospel.com.br\/portal\/index.php\/wp-json\/wp\/v2\/posts\/4450"}],"collection":[{"href":"https:\/\/dgospel.com.br\/portal\/index.php\/wp-json\/wp\/v2\/posts"}],"about":[{"href":"https:\/\/dgospel.com.br\/portal\/index.php\/wp-json\/wp\/v2\/types\/post"}],"author":[{"embeddable":true,"href":"https:\/\/dgospel.com.br\/portal\/index.php\/wp-json\/wp\/v2\/users\/2"}],"replies":[{"embeddable":true,"href":"https:\/\/dgospel.com.br\/portal\/index.php\/wp-json\/wp\/v2\/comments?post=4450"}],"version-history":[{"count":1,"href":"https:\/\/dgospel.com.br\/portal\/index.php\/wp-json\/wp\/v2\/posts\/4450\/revisions"}],"predecessor-version":[{"id":4451,"href":"https:\/\/dgospel.com.br\/portal\/index.php\/wp-json\/wp\/v2\/posts\/4450\/revisions\/4451"}],"wp:featuredmedia":[{"embeddable":true,"href":"https:\/\/dgospel.com.br\/portal\/index.php\/wp-json\/wp\/v2\/media\/4452"}],"wp:attachment":[{"href":"https:\/\/dgospel.com.br\/portal\/index.php\/wp-json\/wp\/v2\/media?parent=4450"}],"wp:term":[{"taxonomy":"category","embeddable":true,"href":"https:\/\/dgospel.com.br\/portal\/index.php\/wp-json\/wp\/v2\/categories?post=4450"},{"taxonomy":"post_tag","embeddable":true,"href":"https:\/\/dgospel.com.br\/portal\/index.php\/wp-json\/wp\/v2\/tags?post=4450"}],"curies":[{"name":"wp","href":"https:\/\/api.w.org\/{rel}","templated":true}]}}