{"id":4453,"date":"2019-12-03T11:31:20","date_gmt":"2019-12-03T14:31:20","guid":{"rendered":"http:\/\/dgospel.com.br\/portal\/?p=4453"},"modified":"2019-12-03T11:31:22","modified_gmt":"2019-12-03T14:31:22","slug":"vice-governador-wanderlei-barbosa-participa-de-audiencia-publica-sobre-regularizacao-fundiaria","status":"publish","type":"post","link":"https:\/\/dgospel.com.br\/portal\/index.php\/2019\/12\/03\/vice-governador-wanderlei-barbosa-participa-de-audiencia-publica-sobre-regularizacao-fundiaria\/","title":{"rendered":"Vice-governador Wanderlei Barbosa participa de audi\u00eancia p\u00fablica sobre regulariza\u00e7\u00e3o fundi\u00e1ria"},"content":{"rendered":"\n<p>O vice-governador do Estado do Tocantins, Wanderlei Barbosa, participou na tarde desta segunda-feira, 2, no audit\u00f3rio do Pal\u00e1cio Araguaia, da audi\u00eancia p\u00fablica para discutir a regulariza\u00e7\u00e3o fundi\u00e1ria. O evento foi promovido pela Secretaria Especial de Assuntos Fundi\u00e1rios do Minist\u00e9rio da Agricultura, Pecu\u00e1ria e Abastecimento (SEAF\/MAPA) e teve como objetivos ouvir e debater as quest\u00f5es que envolvem o tema junto com a sociedade.<\/p>\n\n\n\n<p>O evento foi aberto pelo secret\u00e1rio especial de Assuntos Fundi\u00e1rios do Minist\u00e9rio da Agricultura, Pecu\u00e1ria e Abastecimento (MAPA), Luiz Ant\u00f4nio Nabhan Garcia, e contou com a participa\u00e7\u00e3o de representantes da sociedade civil, entidades, associa\u00e7\u00f5es, setores produtivos e trabalhistas, institui\u00e7\u00f5es governamentais, e membros do Legislativo, Judici\u00e1rio e Executivo.<\/p>\n\n\n\n<p>Luiz Ant\u00f4nio Nabhan Garcia disse que o governo federal sabe das dificuldades que o Tocantins enfrenta nessa quest\u00e3o fundi\u00e1ria e o objetivo \u00e9 reverter essa situa\u00e7\u00e3o para promover a seguran\u00e7a jur\u00eddica aos detentores da terra. \u201cQueremos assegurar, no m\u00ednimo, seguran\u00e7a jur\u00eddica, porque onde tem seguran\u00e7a jur\u00eddica tem seguran\u00e7a econ\u00f4mica e social\u201d, sustentou.<\/p>\n\n\n\n<p>Segundo o vice-governador Wanderlei Barbosa, \u00e9 importante para o Tocantins sediar essa audi\u00eancia, principalmente pelo hist\u00f3rico de lutas e dificuldades em torno dessa quest\u00e3o fundi\u00e1ria, segundo disse, tratada com descaso ao longo dos anos. \u201cDe que adianta assentar as pessoas e n\u00e3o conceder o documento de propriedade\u201d, questionou, lembrando o empenho da gest\u00e3o de Mauro Carlesse, que priorizou a quest\u00e3o e editou uma Medida Provis\u00f3ria, que foi transformada em lei, justamente para tratar dessa quest\u00e3o fundi\u00e1ria.<\/p>\n","protected":false},"excerpt":{"rendered":"<p>O vice-governador do Estado do Tocantins, Wanderlei Barbosa, participou na tarde desta segunda-feira, 2, no audit\u00f3rio do Pal\u00e1cio Araguaia, da audi\u00eancia p\u00fablica para discutir a regulariza\u00e7\u00e3o fundi\u00e1ria. O evento foi promovido pela Secretaria Especial de Assuntos Fundi\u00e1rios do Minist\u00e9rio da Agricultura, Pecu\u00e1ria e Abastecimento (SEAF\/MAPA) e teve como objetivos ouvir e debater as quest\u00f5es que [&hellip;]<\/p>\n","protected":false},"author":2,"featured_media":4454,"comment_status":"open","ping_status":"open","sticky":false,"template":"","format":"standard","meta":[],"categories":[4],"tags":[],"_links":{"self":[{"href":"https:\/\/dgospel.com.br\/portal\/index.php\/wp-json\/wp\/v2\/posts\/4453"}],"collection":[{"href":"https:\/\/dgospel.com.br\/portal\/index.php\/wp-json\/wp\/v2\/posts"}],"about":[{"href":"https:\/\/dgospel.com.br\/portal\/index.php\/wp-json\/wp\/v2\/types\/post"}],"author":[{"embeddable":true,"href":"https:\/\/dgospel.com.br\/portal\/index.php\/wp-json\/wp\/v2\/users\/2"}],"replies":[{"embeddable":true,"href":"https:\/\/dgospel.com.br\/portal\/index.php\/wp-json\/wp\/v2\/comments?post=4453"}],"version-history":[{"count":1,"href":"https:\/\/dgospel.com.br\/portal\/index.php\/wp-json\/wp\/v2\/posts\/4453\/revisions"}],"predecessor-version":[{"id":4455,"href":"https:\/\/dgospel.com.br\/portal\/index.php\/wp-json\/wp\/v2\/posts\/4453\/revisions\/4455"}],"wp:featuredmedia":[{"embeddable":true,"href":"https:\/\/dgospel.com.br\/portal\/index.php\/wp-json\/wp\/v2\/media\/4454"}],"wp:attachment":[{"href":"https:\/\/dgospel.com.br\/portal\/index.php\/wp-json\/wp\/v2\/media?parent=4453"}],"wp:term":[{"taxonomy":"category","embeddable":true,"href":"https:\/\/dgospel.com.br\/portal\/index.php\/wp-json\/wp\/v2\/categories?post=4453"},{"taxonomy":"post_tag","embeddable":true,"href":"https:\/\/dgospel.com.br\/portal\/index.php\/wp-json\/wp\/v2\/tags?post=4453"}],"curies":[{"name":"wp","href":"https:\/\/api.w.org\/{rel}","templated":true}]}}