{"id":4456,"date":"2019-12-03T11:44:39","date_gmt":"2019-12-03T14:44:39","guid":{"rendered":"http:\/\/dgospel.com.br\/portal\/?p=4456"},"modified":"2019-12-03T11:44:41","modified_gmt":"2019-12-03T14:44:41","slug":"presidente-da-assembleia-legislativa-e-homenageado-no-tribunal-de-justica","status":"publish","type":"post","link":"https:\/\/dgospel.com.br\/portal\/index.php\/2019\/12\/03\/presidente-da-assembleia-legislativa-e-homenageado-no-tribunal-de-justica\/","title":{"rendered":"Presidente da Assembleia Legislativa \u00e9 homenageado no Tribunal de Justi\u00e7a"},"content":{"rendered":"\n<p>Em solenidade que celebrou os 30 anos do Tribunal de Justi\u00e7a (TJ), o presidente da Assembleia Legislativa, deputado Antonio Andrade (PTB), foi homenageado com um medalh\u00e3o comemorativo. A cerim\u00f4nia foi realizada no audit\u00f3rio da Corte na noite dessa quinta-feira, 28.<br><\/p>\n\n\n\n<p>Tamb\u00e9m foram homenageadas outras autoridades do Estado: o ex-governador Siqueira Campos, que enviou representante; o governador Mauro Carlesse (DEM), representado por seu vice, Wanderlei Barbosa (PHS); os prefeitos de Aragua\u00edna, Ronaldo Dimas (Podemos), Gurupi, Laurez Moreira (PSDB), e Palmas, Cinthya Ribeiro (PSDB); al\u00e9m de conselheiros, procuradores e desembargadores.<\/p>\n\n\n\n<p>Foi exposto um breve relato sobre a Hist\u00f3ria do Judici\u00e1rio. Desde a chegada dos portugueses, com os primeiros servi\u00e7os judici\u00e1rios, em 1610, passando por Joaquim Theot\u00f4nio Segurado at\u00e9 chegar \u00e0 cria\u00e7\u00e3o do Estado do Tocantins. Hoje, o Tribunal ostenta a conquista de ter seus processos em meios 100% eletr\u00f4nicos desde 2015.<\/p>\n","protected":false},"excerpt":{"rendered":"<p>Em solenidade que celebrou os 30 anos do Tribunal de Justi\u00e7a (TJ), o presidente da Assembleia Legislativa, deputado Antonio Andrade (PTB), foi homenageado com um medalh\u00e3o comemorativo. A cerim\u00f4nia foi realizada no audit\u00f3rio da Corte na noite dessa quinta-feira, 28. Tamb\u00e9m foram homenageadas outras autoridades do Estado: o ex-governador Siqueira Campos, que enviou representante; o [&hellip;]<\/p>\n","protected":false},"author":2,"featured_media":4457,"comment_status":"open","ping_status":"open","sticky":false,"template":"","format":"standard","meta":[],"categories":[4],"tags":[],"_links":{"self":[{"href":"https:\/\/dgospel.com.br\/portal\/index.php\/wp-json\/wp\/v2\/posts\/4456"}],"collection":[{"href":"https:\/\/dgospel.com.br\/portal\/index.php\/wp-json\/wp\/v2\/posts"}],"about":[{"href":"https:\/\/dgospel.com.br\/portal\/index.php\/wp-json\/wp\/v2\/types\/post"}],"author":[{"embeddable":true,"href":"https:\/\/dgospel.com.br\/portal\/index.php\/wp-json\/wp\/v2\/users\/2"}],"replies":[{"embeddable":true,"href":"https:\/\/dgospel.com.br\/portal\/index.php\/wp-json\/wp\/v2\/comments?post=4456"}],"version-history":[{"count":1,"href":"https:\/\/dgospel.com.br\/portal\/index.php\/wp-json\/wp\/v2\/posts\/4456\/revisions"}],"predecessor-version":[{"id":4458,"href":"https:\/\/dgospel.com.br\/portal\/index.php\/wp-json\/wp\/v2\/posts\/4456\/revisions\/4458"}],"wp:featuredmedia":[{"embeddable":true,"href":"https:\/\/dgospel.com.br\/portal\/index.php\/wp-json\/wp\/v2\/media\/4457"}],"wp:attachment":[{"href":"https:\/\/dgospel.com.br\/portal\/index.php\/wp-json\/wp\/v2\/media?parent=4456"}],"wp:term":[{"taxonomy":"category","embeddable":true,"href":"https:\/\/dgospel.com.br\/portal\/index.php\/wp-json\/wp\/v2\/categories?post=4456"},{"taxonomy":"post_tag","embeddable":true,"href":"https:\/\/dgospel.com.br\/portal\/index.php\/wp-json\/wp\/v2\/tags?post=4456"}],"curies":[{"name":"wp","href":"https:\/\/api.w.org\/{rel}","templated":true}]}}