{"id":4462,"date":"2019-12-03T13:12:51","date_gmt":"2019-12-03T16:12:51","guid":{"rendered":"http:\/\/dgospel.com.br\/portal\/?p=4462"},"modified":"2019-12-03T13:12:53","modified_gmt":"2019-12-03T16:12:53","slug":"bolsonaro-e-primeira-dama-presitigiam-stand-up-do-pastor-claudio-duarte-em-brasilia","status":"publish","type":"post","link":"https:\/\/dgospel.com.br\/portal\/index.php\/2019\/12\/03\/bolsonaro-e-primeira-dama-presitigiam-stand-up-do-pastor-claudio-duarte-em-brasilia\/","title":{"rendered":"Bolsonaro e primeira-dama presitigiam stand-up do pastor Cl\u00e1udio Duarte em Bras\u00edlia"},"content":{"rendered":"\n<p>O presidente Jair Bolsonaro compareceu a um&nbsp;<em>stand-up<\/em>&nbsp;do pastor Cl\u00e1udio Duarte em Bras\u00edlia no \u00faltimo s\u00e1bado, 30 de novembro, na companhia da primeira-dama Michelle Bolsonaro e dos ministros Damares Alves e Abraham Weintraub.<\/p>\n\n\n\n<p>O pastor Cl\u00e1udio Duarte compartilhou foto com o casal presidencial em sua conta no&nbsp;<a target=\"_blank\" href=\"https:\/\/www.instagram.com\/p\/B5hZzr5Ahc3\/\" rel=\"noreferrer noopener\">Instagram<\/a>&nbsp;e expressou sua satisfa\u00e7\u00e3o com a presen\u00e7a de Bolsonaro, Michelle e dos ministros: \u201cOntem em Bras\u00edlia foi muito especial. Na plateia do meu&nbsp;<em>stand-up<\/em>&nbsp;estava (sic) amigos e autoridades. O bispo JB Carvalho, o ministro da educa\u00e7\u00e3o e o presidente acompanhado da primeira dama. E outras autoridades\u201d, escreveu.<\/p>\n\n\n\n<p>A rela\u00e7\u00e3o de Duarte com Bolsonaro n\u00e3o \u00e9 nova: o pastor j\u00e1 havia publicado fotos ao lado do ent\u00e3o deputado federal, em abril de 2018, durante um evento realizado em Bras\u00edlia, e posteriormente, em outubro, ele manifestou seu apoio \u00e0 candidatura presidencial destacando que o capit\u00e3o do Ex\u00e9rcito \u201c<a href=\"https:\/\/noticias.gospelmais.com.br\/pastor-claudio-duarte-video-apoiando-bolsonaro-103025.html\"><strong>tem muitas qualidades<\/strong><\/a>\u201d.<\/p>\n\n\n\n<p>Em mar\u00e7o desse ano, o presidente compareceu a outro evento com a presen\u00e7a de Cl\u00e1udio Duarte, tamb\u00e9m em Bras\u00edlia, e na ocasi\u00e3o agradeceu as ora\u00e7\u00f5es para que se recuperasse completamente das complica\u00e7\u00f5es resultantes do atentado sofrido em Juiz de Fora (MG), durante a campanha eleitoral.PROPAGANDA<\/p>\n\n\n\n\n\n<p>\u201cPrimeiro quero agradecer a Deus por estar vivo, \u00e0s ora\u00e7\u00f5es de voc\u00eas e as preces por ocasi\u00e3o das elei\u00e7\u00f5es\u201d, pontuou Bolsonaro, que se referiu \u00e0 plateia formada exclusivamente por homens como \u201cirm\u00e3os\u201d e \u201cvar\u00f5es do Brasil\u201d. A certa altura, ele contou que tem pedido a Deus\u00a0<a href=\"https:\/\/noticias.gospelmais.com.br\/bolsonaro-oracoes-deus-capacite-coragem-110272.html\"><strong>capacita\u00e7\u00e3o para decidir<\/strong><\/a>\u00a0o futuro do Brasil: \u201cSalom\u00e3o pediu intelig\u00eancia, eu pe\u00e7o mais que isso: coragem para decidir o futuro do nosso pa\u00eds [\u2026] O que me fez chegar a situa\u00e7\u00e3o que me encontro foi a verdade. Sem a verdade, nada constru\u00edmos\u201d, declarou, na ocasi\u00e3o.<\/p>\n\n\n\n<p>Fone: gospelmais.<br><\/p>\n","protected":false},"excerpt":{"rendered":"<p>O presidente Jair Bolsonaro compareceu a um&nbsp;stand-up&nbsp;do pastor Cl\u00e1udio Duarte em Bras\u00edlia no \u00faltimo s\u00e1bado, 30 de novembro, na companhia da primeira-dama Michelle Bolsonaro e dos ministros Damares Alves e Abraham Weintraub. O pastor Cl\u00e1udio Duarte compartilhou foto com o casal presidencial em sua conta no&nbsp;Instagram&nbsp;e expressou sua satisfa\u00e7\u00e3o com a presen\u00e7a de Bolsonaro, Michelle [&hellip;]<\/p>\n","protected":false},"author":2,"featured_media":4463,"comment_status":"open","ping_status":"open","sticky":false,"template":"","format":"standard","meta":[],"categories":[5,6],"tags":[],"_links":{"self":[{"href":"https:\/\/dgospel.com.br\/portal\/index.php\/wp-json\/wp\/v2\/posts\/4462"}],"collection":[{"href":"https:\/\/dgospel.com.br\/portal\/index.php\/wp-json\/wp\/v2\/posts"}],"about":[{"href":"https:\/\/dgospel.com.br\/portal\/index.php\/wp-json\/wp\/v2\/types\/post"}],"author":[{"embeddable":true,"href":"https:\/\/dgospel.com.br\/portal\/index.php\/wp-json\/wp\/v2\/users\/2"}],"replies":[{"embeddable":true,"href":"https:\/\/dgospel.com.br\/portal\/index.php\/wp-json\/wp\/v2\/comments?post=4462"}],"version-history":[{"count":1,"href":"https:\/\/dgospel.com.br\/portal\/index.php\/wp-json\/wp\/v2\/posts\/4462\/revisions"}],"predecessor-version":[{"id":4464,"href":"https:\/\/dgospel.com.br\/portal\/index.php\/wp-json\/wp\/v2\/posts\/4462\/revisions\/4464"}],"wp:featuredmedia":[{"embeddable":true,"href":"https:\/\/dgospel.com.br\/portal\/index.php\/wp-json\/wp\/v2\/media\/4463"}],"wp:attachment":[{"href":"https:\/\/dgospel.com.br\/portal\/index.php\/wp-json\/wp\/v2\/media?parent=4462"}],"wp:term":[{"taxonomy":"category","embeddable":true,"href":"https:\/\/dgospel.com.br\/portal\/index.php\/wp-json\/wp\/v2\/categories?post=4462"},{"taxonomy":"post_tag","embeddable":true,"href":"https:\/\/dgospel.com.br\/portal\/index.php\/wp-json\/wp\/v2\/tags?post=4462"}],"curies":[{"name":"wp","href":"https:\/\/api.w.org\/{rel}","templated":true}]}}