{"id":448,"date":"2018-06-04T16:09:38","date_gmt":"2018-06-04T19:09:38","guid":{"rendered":"http:\/\/dgospel.com.br\/portal\/?p=448"},"modified":"2018-06-04T16:09:38","modified_gmt":"2018-06-04T19:09:38","slug":"premie-socialista-da-espanha-se-nega-a-jurar-sobre-biblia-em-sua-posse","status":"publish","type":"post","link":"https:\/\/dgospel.com.br\/portal\/index.php\/2018\/06\/04\/premie-socialista-da-espanha-se-nega-a-jurar-sobre-biblia-em-sua-posse\/","title":{"rendered":"Premi\u00ea socialista da Espanha se nega a jurar sobre B\u00edblia em sua posse"},"content":{"rendered":"<p>A B\u00edblia Sagrada n\u00e3o fez parte do juramento de posse do primeiro-ministro, pela primeira vez na hist\u00f3ria da democracia espanhola. Em sua posse no \u00faltimo s\u00e1bado (2), Pedro S\u00e1nchez, do partido Socialista, dispensou os s\u00edmbolos crist\u00e3os e jurou lealdade apenas diante da Constitui\u00e7\u00e3o da Espanha.<\/p>\n<p>No Pal\u00e1cio da Zarzuela, resid\u00eancia oficial do rei nos arredores de Madri, o socialista rompeu o protocolo adotado por todos os primeiros-ministros que governaram o pa\u00eds ap\u00f3s a restaura\u00e7\u00e3o da democracia, em 1975.<\/p>\n<p>\u201cPrometo, por minha consci\u00eancia e honra, cumprir fielmente as obriga\u00e7\u00f5es do cargo de presidente do Governo, com lealdade ao rei, e guardar e fazer cumprir a Constitui\u00e7\u00e3o como norma fundamental do Estado, assim como manter segredo das delibera\u00e7\u00f5es do Conselho de Ministros\u201d, leu S\u00e1nchez, enquanto apoiava a m\u00e3o direita num exemplar da Constitui\u00e7\u00e3o de 1978.<\/p>\n<p>O novo presidente se define como ateu e defende o fim do ensino religioso nos col\u00e9gios p\u00fablicos. S\u00e1nchez acredita que o Estado deve ser laico e completamente desvinculado de qualquer religi\u00e3o.<\/p>\n<p>Ap\u00f3s uma mudan\u00e7a introduzida pela Casa del Rey em 2014, foi concedida ao primeiro-ministro a liberdade de fazer o juramento com ou sem presen\u00e7a de s\u00edmbolos religiosos. No entanto, os \u00faltimos governantes haviam optado por manter a tradi\u00e7\u00e3o de ter B\u00edblia e crucifixo ao alcance.<\/p>\n<p><strong>Contexto pol\u00edtico<\/strong><\/p>\n<p>A cerim\u00f4nia de posse ocorreu ap\u00f3s o conservador Mariano Rajoy ser for\u00e7ado a deixar o cargo, diante da aprova\u00e7\u00e3o de uma mo\u00e7\u00e3o de censura (ou de desconfian\u00e7a) pelo Parlamento.<\/p>\n<p>O Partido Popular do ex-premi\u00ea \u00e9 alvo de um esc\u00e2ndalo de caixa dois de campanha, com irregularidades que teriam ocorrido entre 1999 e 2005. Os parlamentares passaram a questionar o governo e S\u00e1nchez, que \u00e9 secret\u00e1rio-geral do Partido Socialista, articulou a mo\u00e7\u00e3o.<\/p>\n<p>De acordo com a legisla\u00e7\u00e3o espanhola, o partido que pede a censura do governante deve propor, simultaneamente, um nome para substitu\u00ed-lo. S\u00e1nchez foi indicado e entrou para a hist\u00f3ria como o primeiro a assumir o cargo sem ser deputado.<\/p>\n<p><strong>Fonte: Guia-me \/ com informa\u00e7\u00f5es de BBC<\/strong><\/p>\n","protected":false},"excerpt":{"rendered":"<p>A B\u00edblia Sagrada n\u00e3o fez parte do juramento de posse do primeiro-ministro, pela primeira vez na hist\u00f3ria da democracia espanhola. Em sua posse no \u00faltimo s\u00e1bado (2), Pedro S\u00e1nchez, do partido Socialista, dispensou os s\u00edmbolos crist\u00e3os e jurou lealdade apenas diante da Constitui\u00e7\u00e3o da Espanha. No Pal\u00e1cio da Zarzuela, resid\u00eancia oficial do rei nos arredores [&hellip;]<\/p>\n","protected":false},"author":2,"featured_media":449,"comment_status":"open","ping_status":"open","sticky":false,"template":"","format":"standard","meta":[],"categories":[2,10],"tags":[],"_links":{"self":[{"href":"https:\/\/dgospel.com.br\/portal\/index.php\/wp-json\/wp\/v2\/posts\/448"}],"collection":[{"href":"https:\/\/dgospel.com.br\/portal\/index.php\/wp-json\/wp\/v2\/posts"}],"about":[{"href":"https:\/\/dgospel.com.br\/portal\/index.php\/wp-json\/wp\/v2\/types\/post"}],"author":[{"embeddable":true,"href":"https:\/\/dgospel.com.br\/portal\/index.php\/wp-json\/wp\/v2\/users\/2"}],"replies":[{"embeddable":true,"href":"https:\/\/dgospel.com.br\/portal\/index.php\/wp-json\/wp\/v2\/comments?post=448"}],"version-history":[{"count":1,"href":"https:\/\/dgospel.com.br\/portal\/index.php\/wp-json\/wp\/v2\/posts\/448\/revisions"}],"predecessor-version":[{"id":450,"href":"https:\/\/dgospel.com.br\/portal\/index.php\/wp-json\/wp\/v2\/posts\/448\/revisions\/450"}],"wp:featuredmedia":[{"embeddable":true,"href":"https:\/\/dgospel.com.br\/portal\/index.php\/wp-json\/wp\/v2\/media\/449"}],"wp:attachment":[{"href":"https:\/\/dgospel.com.br\/portal\/index.php\/wp-json\/wp\/v2\/media?parent=448"}],"wp:term":[{"taxonomy":"category","embeddable":true,"href":"https:\/\/dgospel.com.br\/portal\/index.php\/wp-json\/wp\/v2\/categories?post=448"},{"taxonomy":"post_tag","embeddable":true,"href":"https:\/\/dgospel.com.br\/portal\/index.php\/wp-json\/wp\/v2\/tags?post=448"}],"curies":[{"name":"wp","href":"https:\/\/api.w.org\/{rel}","templated":true}]}}