{"id":4496,"date":"2019-12-09T11:13:30","date_gmt":"2019-12-09T14:13:30","guid":{"rendered":"http:\/\/dgospel.com.br\/portal\/?p=4496"},"modified":"2019-12-09T11:13:31","modified_gmt":"2019-12-09T14:13:31","slug":"governador-carlesse-anuncia-obras-e-implantacao-de-escola-civico-militar-em-miracema","status":"publish","type":"post","link":"https:\/\/dgospel.com.br\/portal\/index.php\/2019\/12\/09\/governador-carlesse-anuncia-obras-e-implantacao-de-escola-civico-militar-em-miracema\/","title":{"rendered":"Governador Carlesse anuncia obras e implanta\u00e7\u00e3o de escola c\u00edvico-militar em Miracema"},"content":{"rendered":"\n<p>O governador do estado do Tocantins, Mauro Carlesse, atendendo ao Artigo 161 da Constitui\u00e7\u00e3o Estadual que disp\u00f5em sobre a eleva\u00e7\u00e3o do munic\u00edpio \u00e0 condi\u00e7\u00e3o de Capital a cada ano, deslocou neste s\u00e1bado, 7 de dezembro, toda a sua equipe de Governo para Miracema do Tocantins, a 80 km de Palmas. O dia 7 de dezembro marca a data em que o munic\u00edpio foi escolhido como capital provis\u00f3ria pelo ent\u00e3o presidente da Rep\u00fablica, Jos\u00e9 Sarney, em 1988.<\/p>\n\n\n\n<p>A solenidade de transfer\u00eancia na C\u00e2mara Municipal de Miracema, teve in\u00edcio \u00e0s 8 horas, com o hasteamento das bandeiras, execu\u00e7\u00e3o do Hino Nacional e desfile c\u00edvico com a participa\u00e7\u00e3o do Col\u00e9gio C\u00edvico Militar de Guara\u00ed, Patrulha Motorizada da Pol\u00edcia Militar e a Pol\u00edcia Civil. Posteriormente foi realizada a sess\u00e3o da Assembleia Legislativa de instala\u00e7\u00e3o da capital em Miracema.<\/p>\n\n\n\n<p>O governador Mauro Carlesse aproveitou a oportunidade para anunciar a implanta\u00e7\u00e3o de um Col\u00e9gio C\u00edvico-Militar em Miracema, que vai funcionar no Centro de Ensino M\u00e9dio Santa Terezinha, e entregou aparelhos de ar-condicionado para as escolas estaduais Onesina Bandeira, Jos\u00e9 Damasceno Vasconcelo e Oscar Sardinha. O Governador tamb\u00e9m anunciou a reforma do campo de futebol no setor Novo Horizonte e do Est\u00e1dio Castanheir\u00e3o. Os recursos s\u00e3o oriundos de emendas parlamentares e as ordens de servi\u00e7os devem ser dadas nos ainda este ano. Em seu Gabinete Administrativo ele recebeu o prefeito local, Saulo Milhomem, e outros l\u00edderes pol\u00edticos da cidade e regi\u00e3o.<\/p>\n\n\n\n<p>O Governador lembrou que Miracema faz parte da hist\u00f3ria do Estado e as obras anunciadas s\u00e3o reivindica\u00e7\u00f5es da comunidade. Tamb\u00e9m destacou as m\u00e1s condi\u00e7\u00f5es que encontrou as unidades escolares e o empenho da gest\u00e3o para melhor\u00e1-las. &#8220;N\u00e3o basta construir, tem que ter qualidade para dar condi\u00e7\u00f5es para nossas crian\u00e7as aprenderem melhor&#8221;, frisou lembrando que dotar as escolas de ar condicionado \u00e9 uma necessidade e obriga\u00e7\u00e3o. Tamb\u00e9m anunciou a assinatura do contrato de empr\u00e9stimo como a Caixa Econ\u00f4mica Federal que, al\u00e9m de Miracema, vai beneficiar todos os outros munic\u00edpios tocantinenses com mais de R$ 1 milh\u00e3o.<\/p>\n\n\n\n<p>&#8220;\u00c9 importante homenagear essa cidade e esse povo. O Governador est\u00e1 de parab\u00e9ns pela iniciativa de deslocar toda a sua equipe para atender o povo de Miracema, que faz parte da hist\u00f3ria desse Estado&#8221;, ressaltou o presidente da Assembleia Legislativa, deputado Ant\u00f4nio Andrade, destacando a parceria do Governo com a Assembleia, que segundo disse \u00e9 fundamental para beneficiar aqueles que mais precisam, que \u00e9 o povo.<\/p>\n\n\n\n<p>O prefeito Saulo Milhomem agradeceu ao Governador pelo desprendimento e reconhecimento \u00e0 hist\u00f3ria da cidade. &#8220;\u00c9 respeitar sobretudo a Lei e a hist\u00f3ria do nosso munic\u00edpio, que j\u00e1 foi a sede administrativa quando da implanta\u00e7\u00e3o do Tocantins&#8221;.<\/p>\n\n\n\n<p><strong>Atendimentos<\/strong><\/p>\n\n\n\n<p>Como parte da programa\u00e7\u00e3o, durante todo o dia foram realizados atendimentos e servi\u00e7os de cidadania para a popula\u00e7\u00e3o pelas secretarias do Trabalho e Desenvolvimento Social (Setas); do Meio Ambiente e Recursos H\u00eddricos (Semarh); de Seguran\u00e7a P\u00fablica (SSP); e de Cidadania e Justi\u00e7a (Seciju) e outros \u00f3rg\u00e3os do Governo do Estado.<\/p>\n\n\n\n<p>Al\u00e9m do Executivo e do Legislativo, o evento contou com a presen\u00e7a do procurador geral de Justi\u00e7a, Jos\u00e9 Omar de Almeida J\u00fanior; representantes da Defensoria P\u00fablica; prefeitos; vereadores e l\u00edderes pol\u00edticos de cidades circunvizinhas.<\/p>\n","protected":false},"excerpt":{"rendered":"<p>O governador do estado do Tocantins, Mauro Carlesse, atendendo ao Artigo 161 da Constitui\u00e7\u00e3o Estadual que disp\u00f5em sobre a eleva\u00e7\u00e3o do munic\u00edpio \u00e0 condi\u00e7\u00e3o de Capital a cada ano, deslocou neste s\u00e1bado, 7 de dezembro, toda a sua equipe de Governo para Miracema do Tocantins, a 80 km de Palmas. O dia 7 de dezembro [&hellip;]<\/p>\n","protected":false},"author":2,"featured_media":4497,"comment_status":"open","ping_status":"open","sticky":false,"template":"","format":"standard","meta":[],"categories":[4],"tags":[],"_links":{"self":[{"href":"https:\/\/dgospel.com.br\/portal\/index.php\/wp-json\/wp\/v2\/posts\/4496"}],"collection":[{"href":"https:\/\/dgospel.com.br\/portal\/index.php\/wp-json\/wp\/v2\/posts"}],"about":[{"href":"https:\/\/dgospel.com.br\/portal\/index.php\/wp-json\/wp\/v2\/types\/post"}],"author":[{"embeddable":true,"href":"https:\/\/dgospel.com.br\/portal\/index.php\/wp-json\/wp\/v2\/users\/2"}],"replies":[{"embeddable":true,"href":"https:\/\/dgospel.com.br\/portal\/index.php\/wp-json\/wp\/v2\/comments?post=4496"}],"version-history":[{"count":1,"href":"https:\/\/dgospel.com.br\/portal\/index.php\/wp-json\/wp\/v2\/posts\/4496\/revisions"}],"predecessor-version":[{"id":4498,"href":"https:\/\/dgospel.com.br\/portal\/index.php\/wp-json\/wp\/v2\/posts\/4496\/revisions\/4498"}],"wp:featuredmedia":[{"embeddable":true,"href":"https:\/\/dgospel.com.br\/portal\/index.php\/wp-json\/wp\/v2\/media\/4497"}],"wp:attachment":[{"href":"https:\/\/dgospel.com.br\/portal\/index.php\/wp-json\/wp\/v2\/media?parent=4496"}],"wp:term":[{"taxonomy":"category","embeddable":true,"href":"https:\/\/dgospel.com.br\/portal\/index.php\/wp-json\/wp\/v2\/categories?post=4496"},{"taxonomy":"post_tag","embeddable":true,"href":"https:\/\/dgospel.com.br\/portal\/index.php\/wp-json\/wp\/v2\/tags?post=4496"}],"curies":[{"name":"wp","href":"https:\/\/api.w.org\/{rel}","templated":true}]}}