{"id":45,"date":"2018-05-09T18:12:10","date_gmt":"2018-05-09T21:12:10","guid":{"rendered":"http:\/\/dgospel.com.br\/portal\/?p=45"},"modified":"2018-05-09T18:12:10","modified_gmt":"2018-05-09T21:12:10","slug":"cpad-assume-direcao-de-distribuicao-de-literatura-evangelica-luso-brasileira-para-portugal-e-toda-a-europa","status":"publish","type":"post","link":"https:\/\/dgospel.com.br\/portal\/index.php\/2018\/05\/09\/cpad-assume-direcao-de-distribuicao-de-literatura-evangelica-luso-brasileira-para-portugal-e-toda-a-europa\/","title":{"rendered":"CPAD assume dire\u00e7\u00e3o de distribui\u00e7\u00e3o de literatura evang\u00e9lica luso-brasileira para Portugal e toda a Europa"},"content":{"rendered":"<p>Na manh\u00e3 desta quarta-feira (09), a CPAD e a CAPU (Casa Publicadora das Assembleias de Deus em Portugal) assinaram protocolo de acordo durante a sess\u00e3o convencional da assembleia geral da Conven\u00e7\u00e3o Geral das Assembleias de Deus naquele pa\u00eds.<\/p>\n<p>No acordo elaborado, a CPAD assume a dire\u00e7\u00e3o da distribui\u00e7\u00e3o de literatura naquele pa\u00eds, estendendo-a para toda a Europa, atendendo assim \u00e0s igrejas luso-brasileiras naquele continente.<\/p>\n<p>At\u00e9 ent\u00e3o, a CPAD mantinha uma parceira com a CAPU, mas sem interfer\u00eancia administrativa. Com o acordo, a CPAD assume totalmente as atividades, tanto na \u00e1rea comercial como financeira.<\/p>\n<p>&nbsp;<\/p>\n","protected":false},"excerpt":{"rendered":"<p>Na manh\u00e3 desta quarta-feira (09), a CPAD e a CAPU (Casa Publicadora das Assembleias de Deus em Portugal) assinaram protocolo de acordo durante a sess\u00e3o convencional da assembleia geral da Conven\u00e7\u00e3o Geral das Assembleias de Deus naquele pa\u00eds. No acordo elaborado, a CPAD assume a dire\u00e7\u00e3o da distribui\u00e7\u00e3o de literatura naquele pa\u00eds, estendendo-a para toda [&hellip;]<\/p>\n","protected":false},"author":2,"featured_media":46,"comment_status":"open","ping_status":"open","sticky":false,"template":"","format":"standard","meta":[],"categories":[2,5],"tags":[],"_links":{"self":[{"href":"https:\/\/dgospel.com.br\/portal\/index.php\/wp-json\/wp\/v2\/posts\/45"}],"collection":[{"href":"https:\/\/dgospel.com.br\/portal\/index.php\/wp-json\/wp\/v2\/posts"}],"about":[{"href":"https:\/\/dgospel.com.br\/portal\/index.php\/wp-json\/wp\/v2\/types\/post"}],"author":[{"embeddable":true,"href":"https:\/\/dgospel.com.br\/portal\/index.php\/wp-json\/wp\/v2\/users\/2"}],"replies":[{"embeddable":true,"href":"https:\/\/dgospel.com.br\/portal\/index.php\/wp-json\/wp\/v2\/comments?post=45"}],"version-history":[{"count":1,"href":"https:\/\/dgospel.com.br\/portal\/index.php\/wp-json\/wp\/v2\/posts\/45\/revisions"}],"predecessor-version":[{"id":47,"href":"https:\/\/dgospel.com.br\/portal\/index.php\/wp-json\/wp\/v2\/posts\/45\/revisions\/47"}],"wp:featuredmedia":[{"embeddable":true,"href":"https:\/\/dgospel.com.br\/portal\/index.php\/wp-json\/wp\/v2\/media\/46"}],"wp:attachment":[{"href":"https:\/\/dgospel.com.br\/portal\/index.php\/wp-json\/wp\/v2\/media?parent=45"}],"wp:term":[{"taxonomy":"category","embeddable":true,"href":"https:\/\/dgospel.com.br\/portal\/index.php\/wp-json\/wp\/v2\/categories?post=45"},{"taxonomy":"post_tag","embeddable":true,"href":"https:\/\/dgospel.com.br\/portal\/index.php\/wp-json\/wp\/v2\/tags?post=45"}],"curies":[{"name":"wp","href":"https:\/\/api.w.org\/{rel}","templated":true}]}}