{"id":4502,"date":"2019-12-09T12:58:42","date_gmt":"2019-12-09T15:58:42","guid":{"rendered":"http:\/\/dgospel.com.br\/portal\/?p=4502"},"modified":"2019-12-09T12:58:43","modified_gmt":"2019-12-09T15:58:43","slug":"governo-capacita-medicos-e-enfermeiros-para-diagnostico-das-arboviroses","status":"publish","type":"post","link":"https:\/\/dgospel.com.br\/portal\/index.php\/2019\/12\/09\/governo-capacita-medicos-e-enfermeiros-para-diagnostico-das-arboviroses\/","title":{"rendered":"Governo capacita m\u00e9dicos e enfermeiros para diagn\u00f3stico das arboviroses"},"content":{"rendered":"\n<p>M\u00e9dicos e enfermeiros da rede p\u00fablica e privada do Estado, incluindo planos de sa\u00fade, Unidades de Pronto Atendimento (UPA) e Unidades B\u00e1sicas de Sa\u00fade (UBS) est\u00e3o recebendo capacita\u00e7\u00e3o nesta segunda-feira, 9, no audit\u00f3rio da Assembleia Legislativa do Estado (AL), em Palmas. A a\u00e7\u00e3o, de responsabilidade da Ger\u00eancia de Vigil\u00e2ncia das Arboviroses da Secretaria de Estado da Sa\u00fade (SES), tem o objetivo de aprimorar o diagn\u00f3stico das doen\u00e7as relacionadas ao Aedes e outros arbov\u00edrus para evitar complica\u00e7\u00f5es e at\u00e9 os \u00f3bitos.<\/p>\n\n\n\n<p>A&nbsp;gerente de Vigil\u00e2ncia das Arboviroses (GVA),&nbsp;Christiane Bueno, disse que a inten\u00e7\u00e3o do Estado \u00e9 atualizar os profissionais m\u00e9dicos e enfermeiros com rela\u00e7\u00e3o ao diagn\u00f3stico e manejo cl\u00ednico das arboviroses, especialmente Dengue, Zika e febre Chikungunya. \u201cAtrav\u00e9s dos nossos monitoramentos estamos percebendo um n\u00famero significativo de casos de Dengue, al\u00e9m das demais que ainda circulam no Estado, por\u00e9m a Dengue preocupa e os servi\u00e7os de sa\u00fade devem estar preparados para dar uma melhor assist\u00eancia a este paciente, evitando complica\u00e7\u00f5es e \u00f3bito. Lembrando que \u00f3bito por dengue \u00e9 evit\u00e1vel; com diagn\u00f3stico oportuno e manejo adequado do paciente, com certeza vamos evitar e diminuir estes n\u00fameros no Estado\u201d, enfatizou a gerente.<\/p>\n\n\n\n<p>A capacita\u00e7\u00e3o est\u00e1 sendo ministrada pelos m\u00e9dicos, Andr\u00e9 Ricardo Ribas Freitas, epidemiologista de Campinas (SP) e Tales Michel dos Santos, neurologista de Bras\u00edlia.&nbsp; Para Andr\u00e9 Ricardo Ribas Freitas, os profissionais de sa\u00fade devem estar atentos aos sinais e sintomas para evitar um agravamento do paciente, \u201ca tr\u00edade febre, cefaleia e mialgia s\u00e3o comuns em muitas doen\u00e7as, precisamos ficar atentos aos sinais e sintomas, verificar ainda relatos de prostra\u00e7\u00e3o, altera\u00e7\u00e3o de paladar, etc. A inten\u00e7\u00e3o \u00e9: suspeitou, trata; pois o diagn\u00f3stico oportuno reduz os \u00edndices de agravamento, al\u00e9m de ficarmos atentos aos grupos de risco como os idosos\u201d. &nbsp;&nbsp;<\/p>\n\n\n\n<p><strong>Dados<\/strong><\/p>\n\n\n\n<p>Casos de Dengue ainda preocupam o Estado, este ano j\u00e1 foram&nbsp;registrados oito \u00f3bitos por Dengue e ainda est\u00e3o sendo investigados seis casos. Foram notificados 14.180 casos de Dengue, contra 2.154 no mesmo per\u00edodo em 2018.&nbsp; Quase todos os munic\u00edpios j\u00e1 notificaram casos de Dengue. Com rela\u00e7\u00e3o ao&nbsp;Zika v\u00edrus foram registrados 342 casos em 2019 contra 244 casos em 2018.&nbsp; A febre chikungunya, teve um aumento de 38%, em 2019 foram notificados 312 casos e, em 2018, 226 notifica\u00e7\u00f5es.&nbsp;<\/p>\n","protected":false},"excerpt":{"rendered":"<p>M\u00e9dicos e enfermeiros da rede p\u00fablica e privada do Estado, incluindo planos de sa\u00fade, Unidades de Pronto Atendimento (UPA) e Unidades B\u00e1sicas de Sa\u00fade (UBS) est\u00e3o recebendo capacita\u00e7\u00e3o nesta segunda-feira, 9, no audit\u00f3rio da Assembleia Legislativa do Estado (AL), em Palmas. A a\u00e7\u00e3o, de responsabilidade da Ger\u00eancia de Vigil\u00e2ncia das Arboviroses da Secretaria de Estado [&hellip;]<\/p>\n","protected":false},"author":2,"featured_media":4503,"comment_status":"open","ping_status":"open","sticky":false,"template":"","format":"standard","meta":[],"categories":[3],"tags":[],"_links":{"self":[{"href":"https:\/\/dgospel.com.br\/portal\/index.php\/wp-json\/wp\/v2\/posts\/4502"}],"collection":[{"href":"https:\/\/dgospel.com.br\/portal\/index.php\/wp-json\/wp\/v2\/posts"}],"about":[{"href":"https:\/\/dgospel.com.br\/portal\/index.php\/wp-json\/wp\/v2\/types\/post"}],"author":[{"embeddable":true,"href":"https:\/\/dgospel.com.br\/portal\/index.php\/wp-json\/wp\/v2\/users\/2"}],"replies":[{"embeddable":true,"href":"https:\/\/dgospel.com.br\/portal\/index.php\/wp-json\/wp\/v2\/comments?post=4502"}],"version-history":[{"count":1,"href":"https:\/\/dgospel.com.br\/portal\/index.php\/wp-json\/wp\/v2\/posts\/4502\/revisions"}],"predecessor-version":[{"id":4504,"href":"https:\/\/dgospel.com.br\/portal\/index.php\/wp-json\/wp\/v2\/posts\/4502\/revisions\/4504"}],"wp:featuredmedia":[{"embeddable":true,"href":"https:\/\/dgospel.com.br\/portal\/index.php\/wp-json\/wp\/v2\/media\/4503"}],"wp:attachment":[{"href":"https:\/\/dgospel.com.br\/portal\/index.php\/wp-json\/wp\/v2\/media?parent=4502"}],"wp:term":[{"taxonomy":"category","embeddable":true,"href":"https:\/\/dgospel.com.br\/portal\/index.php\/wp-json\/wp\/v2\/categories?post=4502"},{"taxonomy":"post_tag","embeddable":true,"href":"https:\/\/dgospel.com.br\/portal\/index.php\/wp-json\/wp\/v2\/tags?post=4502"}],"curies":[{"name":"wp","href":"https:\/\/api.w.org\/{rel}","templated":true}]}}