{"id":4505,"date":"2019-12-10T09:54:50","date_gmt":"2019-12-10T12:54:50","guid":{"rendered":"http:\/\/dgospel.com.br\/portal\/?p=4505"},"modified":"2019-12-10T09:54:52","modified_gmt":"2019-12-10T12:54:52","slug":"bolsonaro-diz-em-formatura-militar-que-hoje-governo-valoriza-a-familia-e-adora-a-deus","status":"publish","type":"post","link":"https:\/\/dgospel.com.br\/portal\/index.php\/2019\/12\/10\/bolsonaro-diz-em-formatura-militar-que-hoje-governo-valoriza-a-familia-e-adora-a-deus\/","title":{"rendered":"Bolsonaro diz em formatura militar que \u201choje governo valoriza a fam\u00edlia e adora a Deus\u201d"},"content":{"rendered":"\n<p>O Presidente da Rep\u00fablica,&nbsp;<strong><a href=\"https:\/\/guiame.com.br\/gospel\/noticias\/tenho-por-habito-acessar-biblia-todo-dia-e-tentar-seguir-o-que-esta-la-diz-bolsonaro.html\">Jair Bolsonaro<\/a><\/strong>, acompanhado pelo Ministro da Defesa, Fernando Azevedo e Silva e do Comandante da Marinha Ilques Barbosa Junior, presidiu a cerim\u00f4nia de formatura de 205 oficiais da Marinha Brasileira.<\/p>\n\n\n\n<p>Em seu discurso, Bolsonaro disse que &#8220;o governo brasileiro est\u00e1 mudando. Todos podem sentir. Hoje temos um governo que valoriza a fam\u00edlia, honra os militares, respeita o povo e adora a Deus&#8221; e que \u201cjuntos n\u00f3s poderemos mudar o destino do Brasil&#8221;.<\/p>\n\n\n\n<p>O evento, no Rio de Janeiro, aconteceu no s\u00e1bado (07) e entre os integrantes da Turma estavam dez mulheres e um estrangeiro oriundo do&nbsp;<strong><a href=\"https:\/\/guiame.com.br\/gospel\/missoes-acao-social\/missionario-que-foi-preso-e-evangelizou-na-cadeia-do-senegal-tera-historia-contada-em-filme.html\">Senegal<\/a><\/strong>.<\/p>\n\n\n\n<p>O presidente disse que ali estavam presentes jovens das 5 regi\u00f5es brasileiras e que &#8220;quatro anos se passaram e em grande parte voc\u00eas abriram m\u00e3o da sua juventude, aprenderam entre outras coisas a passar fome, a sentir dor, a se importar com a lealdade, a humildade e a gratid\u00e3o.&#8221;<\/p>\n\n\n\n<p>Al\u00e9m do Presidente da Rep\u00fablica, do Ministro da Defesa e do Comandante da Marinha, o evento contou com as presen\u00e7as dos Comandantes as demais For\u00e7as Armadas, de ministros do Superior Tribunal Militar, ex-ministros e ex-Comandantes da Marinha, membros do corpo diplom\u00e1tico, e parlamentares, entre outras autoridades civis e militares.<\/p>\n\n\n\n<p>Os guardas-marinhas tiveram as suas platinas trocadas pelas suas madrinhas e padrinhos e receberam as suas espadas das m\u00e3os dos almirantes mais antigos da For\u00e7a e os primeiros colocados das m\u00e3os do presidente da rep\u00fablica, do ministro da Defesa e do Comandante da Marinha.<\/p>\n\n\n\n<p>Agora, o pr\u00f3ximo passo para os novos oficiais \u00e9 embarcar no Navio-Escola Brasil para uma viagem de instru\u00e7\u00e3o a diversos pa\u00edses. A bordo colocar\u00e3o em pr\u00e1tica o que aprenderam na Escola Naval. E no seu retorno ser\u00e3o promovidos a segundo-tenentes.<\/p>\n\n\n\n<p><strong>Escola Naval<\/strong><\/p>\n\n\n\n<p>Criada em 1782 em Lisboa, Portugal, sob a denomina\u00e7\u00e3o de Academia Real de Guardas-Marinhas, a Escola Naval veio para o Brasil junto com a Fam\u00edlia Real, em 1808. Instalada no Mosteiro de S\u00e3o Bento, l\u00e1 permaneceu at\u00e9 1832. Ao longo dos anos, a institui\u00e7\u00e3o sofreu in\u00fameras mudan\u00e7as at\u00e9, em 1938, ser fixada na Ilha de Villegagnon.<\/p>\n\n\n\n<p>O Comandante da Marinha, Almirante Ilques Barbosa Junior, disse em seu discurso que neste dia, a Marinha do Brasil engalanada apresentava \u00e0 sociedade brasileira os Guarda-Marinhas da turma Almirante Prot\u00f3genes.<\/p>\n\n\n\n<p>\n\nFONTE: GUIAME, COM INFORMA\u00c7\u00d5ES DO MINIST\u00c9RIO DA DEFESA\n\n<\/p>\n","protected":false},"excerpt":{"rendered":"<p>O Presidente da Rep\u00fablica,&nbsp;Jair Bolsonaro, acompanhado pelo Ministro da Defesa, Fernando Azevedo e Silva e do Comandante da Marinha Ilques Barbosa Junior, presidiu a cerim\u00f4nia de formatura de 205 oficiais da Marinha Brasileira. Em seu discurso, Bolsonaro disse que &#8220;o governo brasileiro est\u00e1 mudando. Todos podem sentir. Hoje temos um governo que valoriza a fam\u00edlia, [&hellip;]<\/p>\n","protected":false},"author":2,"featured_media":4506,"comment_status":"open","ping_status":"open","sticky":false,"template":"","format":"standard","meta":[],"categories":[6,4],"tags":[],"_links":{"self":[{"href":"https:\/\/dgospel.com.br\/portal\/index.php\/wp-json\/wp\/v2\/posts\/4505"}],"collection":[{"href":"https:\/\/dgospel.com.br\/portal\/index.php\/wp-json\/wp\/v2\/posts"}],"about":[{"href":"https:\/\/dgospel.com.br\/portal\/index.php\/wp-json\/wp\/v2\/types\/post"}],"author":[{"embeddable":true,"href":"https:\/\/dgospel.com.br\/portal\/index.php\/wp-json\/wp\/v2\/users\/2"}],"replies":[{"embeddable":true,"href":"https:\/\/dgospel.com.br\/portal\/index.php\/wp-json\/wp\/v2\/comments?post=4505"}],"version-history":[{"count":1,"href":"https:\/\/dgospel.com.br\/portal\/index.php\/wp-json\/wp\/v2\/posts\/4505\/revisions"}],"predecessor-version":[{"id":4507,"href":"https:\/\/dgospel.com.br\/portal\/index.php\/wp-json\/wp\/v2\/posts\/4505\/revisions\/4507"}],"wp:featuredmedia":[{"embeddable":true,"href":"https:\/\/dgospel.com.br\/portal\/index.php\/wp-json\/wp\/v2\/media\/4506"}],"wp:attachment":[{"href":"https:\/\/dgospel.com.br\/portal\/index.php\/wp-json\/wp\/v2\/media?parent=4505"}],"wp:term":[{"taxonomy":"category","embeddable":true,"href":"https:\/\/dgospel.com.br\/portal\/index.php\/wp-json\/wp\/v2\/categories?post=4505"},{"taxonomy":"post_tag","embeddable":true,"href":"https:\/\/dgospel.com.br\/portal\/index.php\/wp-json\/wp\/v2\/tags?post=4505"}],"curies":[{"name":"wp","href":"https:\/\/api.w.org\/{rel}","templated":true}]}}