{"id":4508,"date":"2019-12-10T09:57:09","date_gmt":"2019-12-10T12:57:09","guid":{"rendered":"http:\/\/dgospel.com.br\/portal\/?p=4508"},"modified":"2019-12-10T09:57:10","modified_gmt":"2019-12-10T12:57:10","slug":"tocantins-destaca-programa-de-educacao-ambiental-como-prioridade-para-2020-em-reuniao-em-madri","status":"publish","type":"post","link":"https:\/\/dgospel.com.br\/portal\/index.php\/2019\/12\/10\/tocantins-destaca-programa-de-educacao-ambiental-como-prioridade-para-2020-em-reuniao-em-madri\/","title":{"rendered":"Tocantins destaca programa de educa\u00e7\u00e3o ambiental como prioridade para 2020 em reuni\u00e3o em Madri"},"content":{"rendered":"\n<p>O Governo do Tocantins participou da reuni\u00e3o com os 38 estados-membros subnacionais da For\u00e7a-Tarefa dos Governadores para o Clima e Florestas (GCF-TF), na pauta da reuni\u00e3o desta segunda-feira, 9, constavam as a\u00e7\u00f5es do ano de 2019 e as prioridades para 2020. O evento ocorre dentro da Confer\u00eancia das Partes da Conven\u00e7\u00e3o Quadro das Na\u00e7\u00f5es Unidas para Mudan\u00e7as Clim\u00e1ticas (COP 25).<\/p>\n\n\n\n<p>O vice-governador&nbsp;Wanderlei Barbosa&nbsp;destacou, em sua fala, que um dos caminhos para se alcan\u00e7ar o desenvolvimento sustent\u00e1vel \u00e9 por meio da educa\u00e7\u00e3o p\u00fablica. \u201cO caminho que o Tocantins est\u00e1 buscando para a preserva\u00e7\u00e3o e a conscientiza\u00e7\u00e3o \u00e9 atrav\u00e9s da educa\u00e7\u00e3o ambiental de crian\u00e7as e jovens. N\u00e3o se constr\u00f3i um futuro melhor sem o engajamento das gera\u00e7\u00f5es que ir\u00e3o cuidar do meio ambiente\u201d, falou o Vice-Governador se referindo ao programa lan\u00e7ado pelo governador do Tocantins, Mauro Carlesse, o&nbsp;<em>P\u00e1tria Amada Mirim&nbsp;<\/em>que ir\u00e1 atender 25 mil crian\u00e7as em situa\u00e7\u00e3o de vulnerabilidade e por meio de aulas de educa\u00e7\u00e3o ambiental. Pr\u00e1ticas viveiristas tamb\u00e9m est\u00e3o inclusas no projeto e ir\u00e3o produzir at\u00e9 6 milh\u00f5es de mudas nativas para o reflorestamento de \u00e1reas desmatadas ou atingidas pelo fogo.<\/p>\n\n\n\n<p>A necessidade de investimento foi um dos pontos em comum abordado por todas as lideran\u00e7as presentes. Wanderlei Barbosa ressaltou&nbsp;que \u201c\u00e9 necess\u00e1rio a gente ter o apoio das grandes empresas, que elas olhem para os estados de maneira objetiva, que elas reconhe\u00e7am as nossas pol\u00edticas e os projetos para que n\u00f3s possamos realmente fazer o combate efetivo do desmatamento e das queimadas\u201d.<\/p>\n\n\n\n<p>O presidente do Cons\u00f3rcio dos Governadores da Amaz\u00f4nia Legal, o governador do Amap\u00e1, Waldez G\u00f3es, refor\u00e7ou que todos os governadores da Amaz\u00f4nia Brasileira est\u00e3o empenhados e alinhados na busca de investimentos para o desenvolvimento sustent\u00e1vel da regi\u00e3o, priorizando as comunidades vulner\u00e1veis, consideradas hoje a popula\u00e7\u00e3o mais pobre do Brasil. O governador ressaltou ainda que \u00e9 necess\u00e1rio o fortalecimento da governan\u00e7a territorial e institucional, al\u00e9m de&nbsp;pol\u00edticas sociais cada vez mais efetivas para que o desenvolvimento dos estados da regi\u00e3o amaz\u00f4nica seja feito em sua totalidade.<\/p>\n\n\n\n<p>Al\u00e9m dos membros do GCF, participaram da reuni\u00e3o doadores e patrocinadores que apresentaram o seu hist\u00f3rico de atividades na compra de cr\u00e9ditos de carbono, na preserva\u00e7\u00e3o ambiental e no atendimento \u00e0s popula\u00e7\u00f5es vulner\u00e1veis.<\/p>\n","protected":false},"excerpt":{"rendered":"<p>O Governo do Tocantins participou da reuni\u00e3o com os 38 estados-membros subnacionais da For\u00e7a-Tarefa dos Governadores para o Clima e Florestas (GCF-TF), na pauta da reuni\u00e3o desta segunda-feira, 9, constavam as a\u00e7\u00f5es do ano de 2019 e as prioridades para 2020. O evento ocorre dentro da Confer\u00eancia das Partes da Conven\u00e7\u00e3o Quadro das Na\u00e7\u00f5es Unidas [&hellip;]<\/p>\n","protected":false},"author":2,"featured_media":4509,"comment_status":"open","ping_status":"open","sticky":false,"template":"","format":"standard","meta":[],"categories":[3],"tags":[],"_links":{"self":[{"href":"https:\/\/dgospel.com.br\/portal\/index.php\/wp-json\/wp\/v2\/posts\/4508"}],"collection":[{"href":"https:\/\/dgospel.com.br\/portal\/index.php\/wp-json\/wp\/v2\/posts"}],"about":[{"href":"https:\/\/dgospel.com.br\/portal\/index.php\/wp-json\/wp\/v2\/types\/post"}],"author":[{"embeddable":true,"href":"https:\/\/dgospel.com.br\/portal\/index.php\/wp-json\/wp\/v2\/users\/2"}],"replies":[{"embeddable":true,"href":"https:\/\/dgospel.com.br\/portal\/index.php\/wp-json\/wp\/v2\/comments?post=4508"}],"version-history":[{"count":1,"href":"https:\/\/dgospel.com.br\/portal\/index.php\/wp-json\/wp\/v2\/posts\/4508\/revisions"}],"predecessor-version":[{"id":4510,"href":"https:\/\/dgospel.com.br\/portal\/index.php\/wp-json\/wp\/v2\/posts\/4508\/revisions\/4510"}],"wp:featuredmedia":[{"embeddable":true,"href":"https:\/\/dgospel.com.br\/portal\/index.php\/wp-json\/wp\/v2\/media\/4509"}],"wp:attachment":[{"href":"https:\/\/dgospel.com.br\/portal\/index.php\/wp-json\/wp\/v2\/media?parent=4508"}],"wp:term":[{"taxonomy":"category","embeddable":true,"href":"https:\/\/dgospel.com.br\/portal\/index.php\/wp-json\/wp\/v2\/categories?post=4508"},{"taxonomy":"post_tag","embeddable":true,"href":"https:\/\/dgospel.com.br\/portal\/index.php\/wp-json\/wp\/v2\/tags?post=4508"}],"curies":[{"name":"wp","href":"https:\/\/api.w.org\/{rel}","templated":true}]}}