{"id":4511,"date":"2019-12-10T17:42:46","date_gmt":"2019-12-10T20:42:46","guid":{"rendered":"http:\/\/dgospel.com.br\/portal\/?p=4511"},"modified":"2019-12-10T17:42:47","modified_gmt":"2019-12-10T20:42:47","slug":"assembleia-de-deus-na-bahia-comemora-centenario-na-arena-fonte-nova","status":"publish","type":"post","link":"https:\/\/dgospel.com.br\/portal\/index.php\/2019\/12\/10\/assembleia-de-deus-na-bahia-comemora-centenario-na-arena-fonte-nova\/","title":{"rendered":"Assembleia de Deus na Bahia comemora centen\u00e1rio na Arena Fonte Nova"},"content":{"rendered":"\n<p>No \u00faltimo s\u00e1bado (7), mais de 40 mil membros das Igrejas Evang\u00e9licas Assembleias de Deus na Bahia se reuniram na Arena Fonte Nova, em Salvador, para comemorar os 100 anos que a institui\u00e7\u00e3o religiosa chegou ao estado.\u00a0<\/p>\n\n\n\n<figure class=\"wp-block-image\"><img loading=\"lazy\" width=\"853\" height=\"568\" src=\"http:\/\/dgospel.com.br\/portal\/wp-content\/uploads\/2019\/12\/bahia3.jpg\" alt=\"\" class=\"wp-image-4513\" srcset=\"https:\/\/dgospel.com.br\/portal\/wp-content\/uploads\/2019\/12\/bahia3.jpg 853w, https:\/\/dgospel.com.br\/portal\/wp-content\/uploads\/2019\/12\/bahia3-300x200.jpg 300w, https:\/\/dgospel.com.br\/portal\/wp-content\/uploads\/2019\/12\/bahia3-768x511.jpg 768w\" sizes=\"(max-width: 853px) 100vw, 853px\" \/><\/figure>\n\n\n\n<p><br>\u00a0<br>A festividade em louvor a Deus pelo Centen\u00e1rio foi marcada por muita emo\u00e7\u00e3o e homenagens \u00e0 Assembleia de Deus, e foi conduzida pelo pastor Valdomiro Pereira, presidente da Conven\u00e7\u00e3o Estadual das Assembleias de Deus da Bahia (Ceadeb).\u00a0<\/p>\n\n\n\n<p>O evento contou com as apresenta\u00e7\u00f5es de Eli\u00e3 Oliveira, que louvou com o grup\u00e3o de mais de 18 mil mulheres; Can\u00e7\u00e3o e Louvor, Clayton Queiroz, Obede e Tain\u00e1, Walk\u00edria Nunes, Celina Bastos e Gleide Dammas, e com a ministra\u00e7\u00e3o do pastor Genival Bento.<br><br>A cerim\u00f4nia teve&nbsp;ainda a presen\u00e7a de autoridades pol\u00edticas e eclesi\u00e1sticas, entre elas, Bruno Reis, vice-prefeito de Salvador; e o pastor&nbsp;Jos\u00e9 Carlos de Lima, presidente da UMADENE, representado o pastor Jos\u00e9 Welington J\u00fanior, presidente da Conven\u00e7\u00e3o Geral das Assembleias de Deus no Brasil (CGADB).<\/p>\n\n\n\n<p>A denomina\u00e7\u00e3o regida pela Conven\u00e7\u00e3o Estadual das Assembleia de Deus da Bahia (Ceadeb) est\u00e1 em todos os munic\u00edpios baianos, conta com 613 campos eclesi\u00e1sticos, e com mais de 500 mil membros e 2.300 ministros.<\/p>\n\n\n\n<p>Fonte:<strong> CPADNews<\/strong><\/p>\n","protected":false},"excerpt":{"rendered":"<p>No \u00faltimo s\u00e1bado (7), mais de 40 mil membros das Igrejas Evang\u00e9licas Assembleias de Deus na Bahia se reuniram na Arena Fonte Nova, em Salvador, para comemorar os 100 anos que a institui\u00e7\u00e3o religiosa chegou ao estado.\u00a0 \u00a0A festividade em louvor a Deus pelo Centen\u00e1rio foi marcada por muita emo\u00e7\u00e3o e homenagens \u00e0 Assembleia de [&hellip;]<\/p>\n","protected":false},"author":2,"featured_media":4512,"comment_status":"open","ping_status":"open","sticky":false,"template":"","format":"standard","meta":[],"categories":[10,5],"tags":[],"_links":{"self":[{"href":"https:\/\/dgospel.com.br\/portal\/index.php\/wp-json\/wp\/v2\/posts\/4511"}],"collection":[{"href":"https:\/\/dgospel.com.br\/portal\/index.php\/wp-json\/wp\/v2\/posts"}],"about":[{"href":"https:\/\/dgospel.com.br\/portal\/index.php\/wp-json\/wp\/v2\/types\/post"}],"author":[{"embeddable":true,"href":"https:\/\/dgospel.com.br\/portal\/index.php\/wp-json\/wp\/v2\/users\/2"}],"replies":[{"embeddable":true,"href":"https:\/\/dgospel.com.br\/portal\/index.php\/wp-json\/wp\/v2\/comments?post=4511"}],"version-history":[{"count":1,"href":"https:\/\/dgospel.com.br\/portal\/index.php\/wp-json\/wp\/v2\/posts\/4511\/revisions"}],"predecessor-version":[{"id":4514,"href":"https:\/\/dgospel.com.br\/portal\/index.php\/wp-json\/wp\/v2\/posts\/4511\/revisions\/4514"}],"wp:featuredmedia":[{"embeddable":true,"href":"https:\/\/dgospel.com.br\/portal\/index.php\/wp-json\/wp\/v2\/media\/4512"}],"wp:attachment":[{"href":"https:\/\/dgospel.com.br\/portal\/index.php\/wp-json\/wp\/v2\/media?parent=4511"}],"wp:term":[{"taxonomy":"category","embeddable":true,"href":"https:\/\/dgospel.com.br\/portal\/index.php\/wp-json\/wp\/v2\/categories?post=4511"},{"taxonomy":"post_tag","embeddable":true,"href":"https:\/\/dgospel.com.br\/portal\/index.php\/wp-json\/wp\/v2\/tags?post=4511"}],"curies":[{"name":"wp","href":"https:\/\/api.w.org\/{rel}","templated":true}]}}