{"id":452,"date":"2018-06-05T08:39:22","date_gmt":"2018-06-05T11:39:22","guid":{"rendered":"http:\/\/dgospel.com.br\/portal\/?p=452"},"modified":"2018-06-05T08:39:22","modified_gmt":"2018-06-05T11:39:22","slug":"justica-proibe-que-peca-com-cristo-transexual-seja-exibida-na-arena-da-prefeitura-do-rio-de-janeiro","status":"publish","type":"post","link":"https:\/\/dgospel.com.br\/portal\/index.php\/2018\/06\/05\/justica-proibe-que-peca-com-cristo-transexual-seja-exibida-na-arena-da-prefeitura-do-rio-de-janeiro\/","title":{"rendered":"Justi\u00e7a pro\u00edbe que pe\u00e7a com Cristo transexual seja exibida na Arena da prefeitura  do Rio de Janeiro"},"content":{"rendered":"<p>A mostra \u201cCorpos vis\u00edveis\u201d, que ocuparia, de sexta-feira a domingo, a Arena Carioca Fernando Torres, no Parque Madureira, n\u00e3o poder\u00e1 ser exibida. Durante o evento, seria encenada a pe\u00e7a \u201cO Evangelho segundo Jesus, Rainha do C\u00e9u\u201d, na qual Cristo \u00e9 representado por uma transexual,\u00a0<a href=\"https:\/\/blogs.oglobo.globo.com\/ancelmo\/post\/parque-madureira-recebera-peca-com-travesti-no-papel-de-jesus-cristo.html\">como Ancelmo Gois publicou em sua coluna no GLOBO<\/a>. Segundo a prefeitura, a programa\u00e7\u00e3o est\u00e1 suspensa no local h\u00e1 um m\u00eas, desde que o antigo gestor do espa\u00e7o questionou na Justi\u00e7a a licita\u00e7\u00e3o para a escolha do novo administrador. A decis\u00e3o de interromper as atividades na arena \u00e9 do juiz Marcelo Martins Evaristo da Silva.<\/p>\n<p>Ap\u00f3s a publica\u00e7\u00e3o da nota anunciando a programa\u00e7\u00e3o, o prefeito Marcelo Crivella publicou um v\u00eddeo em seu perfil no Facebook afirmando que a pe\u00e7a n\u00e3o seria realizada no espa\u00e7o cultural, fechado por ordem judicial. Al\u00e9m disso, ele afirmou que, na administra\u00e7\u00e3o dele, \u201cnenhum espet\u00e1culo, nenhuma exposi\u00e7\u00e3o vai ofender a religi\u00e3o das pessoas\u201d. Crivella disse ainda que, enquanto for prefeito, vai \u201crespeitar a consci\u00eancia, a religi\u00e3o das pessoas\u201d. Num trecho do v\u00eddeo, tamb\u00e9m deu a entender que o grupo perdedor da licita\u00e7\u00e3o teria \u201cplantado notas de uma atividade que n\u00e3o vai existir\u201d.<\/p>\n<p>Procurada pelo GLOBO, a Secretaria municipal de Cultura informou que os 62 equipamentos culturais da prefeitura, entre eles 14 arenas culturais, t\u00eam at\u00e9 o quinto dia \u00fatil para informar a programa\u00e7\u00e3o do m\u00eas seguinte. Ainda de acordo com o \u00f3rg\u00e3o, os espa\u00e7os disp\u00f5em de autonomia para escolher as atividades que ser\u00e3o apresentadas. No caso da Arena Fernando Torres, a secretaria alega que n\u00e3o havia recebido informa\u00e7\u00e3o sobre a realiza\u00e7\u00e3o da mostra \u201cCorpos vis\u00edveis\u201d no local e que o contato dos organizadores do evento teria ocorrido diretamente com a Associa\u00e7\u00e3o Cultural Amigos do Agito, que administrava o palco.<\/p>\n<p>De acordo com o processo que corre na Justi\u00e7a, a antiga administradora questiona a contagem de pontos na licita\u00e7\u00e3o, vencida pela Associa\u00e7\u00e3o para Gest\u00e3o de Unidades Administrativas Sociais. A Amigos do Agito tamb\u00e9m queria ser mantida como gestora do espa\u00e7o, mas o juiz negou o pedido, alegando que \u201ctal medida equivale \u00e0 prorroga\u00e7\u00e3o do contrato administrativo, provid\u00eancia que escapa \u00e0 compet\u00eancia do Poder Judici\u00e1rio\u201d. Segundo a Secretaria de Cultura, a Procuradoria-Geral do Munic\u00edpio est\u00e1 tomando as medidas cab\u00edveis no caso.<\/p>\n<p>Em nota divulgada na noite de ontem, a produ\u00e7\u00e3o da \u201cCorpos Vis\u00edveis\u201d informou que est\u00e1 negociando com a gest\u00e3o da arena e com a Secretaria de Cultura desde o ano passado e afirma ter e-mails que comprovam os contatos. De acordo com eles, a mostra pretende \u201cdiscutir transgeneridade, feminismo e diversidade sexual na periferia da cidade\u201d.<\/p>\n<p>Ainda segundo a produ\u00e7\u00e3o, a pe\u00e7a em quest\u00e3o j\u00e1 sofreu tentativas de censura em outros estados. Os organizadores da mostra garantem que a pe\u00e7a n\u00e3o busca ofender crist\u00e3os, mas cria um questionamento sobre a falta de toler\u00e2ncia e respeito nos tempos atuais. Eles acrescentam que buscam o di\u00e1logo com os envolvidos para que o evento aconte\u00e7a.<\/p>\n<p>Fonte: O GLOBO<\/p>\n","protected":false},"excerpt":{"rendered":"<p>A mostra \u201cCorpos vis\u00edveis\u201d, que ocuparia, de sexta-feira a domingo, a Arena Carioca Fernando Torres, no Parque Madureira, n\u00e3o poder\u00e1 ser exibida. Durante o evento, seria encenada a pe\u00e7a \u201cO Evangelho segundo Jesus, Rainha do C\u00e9u\u201d, na qual Cristo \u00e9 representado por uma transexual,\u00a0como Ancelmo Gois publicou em sua coluna no GLOBO. Segundo a prefeitura, [&hellip;]<\/p>\n","protected":false},"author":2,"featured_media":453,"comment_status":"open","ping_status":"open","sticky":false,"template":"","format":"standard","meta":[],"categories":[2,10,6],"tags":[],"_links":{"self":[{"href":"https:\/\/dgospel.com.br\/portal\/index.php\/wp-json\/wp\/v2\/posts\/452"}],"collection":[{"href":"https:\/\/dgospel.com.br\/portal\/index.php\/wp-json\/wp\/v2\/posts"}],"about":[{"href":"https:\/\/dgospel.com.br\/portal\/index.php\/wp-json\/wp\/v2\/types\/post"}],"author":[{"embeddable":true,"href":"https:\/\/dgospel.com.br\/portal\/index.php\/wp-json\/wp\/v2\/users\/2"}],"replies":[{"embeddable":true,"href":"https:\/\/dgospel.com.br\/portal\/index.php\/wp-json\/wp\/v2\/comments?post=452"}],"version-history":[{"count":1,"href":"https:\/\/dgospel.com.br\/portal\/index.php\/wp-json\/wp\/v2\/posts\/452\/revisions"}],"predecessor-version":[{"id":454,"href":"https:\/\/dgospel.com.br\/portal\/index.php\/wp-json\/wp\/v2\/posts\/452\/revisions\/454"}],"wp:featuredmedia":[{"embeddable":true,"href":"https:\/\/dgospel.com.br\/portal\/index.php\/wp-json\/wp\/v2\/media\/453"}],"wp:attachment":[{"href":"https:\/\/dgospel.com.br\/portal\/index.php\/wp-json\/wp\/v2\/media?parent=452"}],"wp:term":[{"taxonomy":"category","embeddable":true,"href":"https:\/\/dgospel.com.br\/portal\/index.php\/wp-json\/wp\/v2\/categories?post=452"},{"taxonomy":"post_tag","embeddable":true,"href":"https:\/\/dgospel.com.br\/portal\/index.php\/wp-json\/wp\/v2\/tags?post=452"}],"curies":[{"name":"wp","href":"https:\/\/api.w.org\/{rel}","templated":true}]}}