{"id":4546,"date":"2019-12-13T11:52:42","date_gmt":"2019-12-13T14:52:42","guid":{"rendered":"http:\/\/dgospel.com.br\/portal\/?p=4546"},"modified":"2019-12-13T11:52:44","modified_gmt":"2019-12-13T14:52:44","slug":"ateus-vao-a-justica-contra-prefeitura-do-rio-por-show-gospel-no-reveillon","status":"publish","type":"post","link":"https:\/\/dgospel.com.br\/portal\/index.php\/2019\/12\/13\/ateus-vao-a-justica-contra-prefeitura-do-rio-por-show-gospel-no-reveillon\/","title":{"rendered":"Ateus v\u00e3o \u00e0 Justi\u00e7a contra prefeitura do Rio por show gospel no R\u00e9veillon"},"content":{"rendered":"\n<p>A Atea (<a href=\"https:\/\/guiame.com.br\/gospel\/noticias\/pedido-de-ateus-justica-determina-remocao-de-texto-biblico-em-praca-de-sp.html\"><strong>Associa\u00e7\u00e3o Brasileira de Ateus e Agn\u00f3sticos<\/strong><\/a>) entrou na Justi\u00e7a nesta quarta-feira (11) contra a prefeitura do Rio de Janeiro, pedindo a retirada da m\u00fasica gospel na programa\u00e7\u00e3o do R\u00e9veillon de Copacabana.&nbsp;<\/p>\n\n\n\n<p>Em a\u00e7\u00e3o civil p\u00fablica, protocolada na 5\u00aa Vara da Fazenda P\u00fablica do Rio, a Atea pede que o prefeito Marcelo Crivella devolva os recursos p\u00fablicos gastos com a apresenta\u00e7\u00e3o da cantora evang\u00e9lica\u00a0<a href=\"https:\/\/guiame.com.br\/gospel\/familia\/michael-e-anayle-sullivan-faca-da-sua-casa-uma-igreja-e-sua-familia-sera-inabalavel.html\"><strong>Anayle Sullivan<\/strong><\/a>, previsto para a noite do pr\u00f3ximo dia 31.<\/p>\n\n\n\n<p>Para a entidade, o uso de verba p\u00fablica no show ofende a liberdade de cren\u00e7a dos participantes da celebra\u00e7\u00e3o e desrespeita o princ\u00edpio da laicidade.<\/p>\n\n\n\n<p>A peti\u00e7\u00e3o, assinada pelo advogado Thales Bouchaton, afirma que \u201ca m\u00fasica gospel em nada difere, em conte\u00fado, da prega\u00e7\u00e3o religiosa habitual de pastores e ministros de confiss\u00f5es religiosas\u201d. Por isso, n\u00e3o deveria ser tocada no evento organizado pela prefeitura.<\/p>\n\n\n\n<p>O grupo reivindica ainda o pagamento de multa de R$ 50 mil caso o show de Anayle Sullivan ocorra e sugere que o valor seja destinado ao Comit\u00ea Nacional de Respeito \u00e0 Diversidade Religiosa.<\/p>\n\n\n\n<p>O pedido da Atea foi contestado pela Riotur, empresa municipal respons\u00e1vel pelo evento. \u201cTrata-se de uma festa democr\u00e1tica. Qualquer interpreta\u00e7\u00e3o al\u00e9m disso parece ser uma manifesta\u00e7\u00e3o de preconceito\u201d, disse em nota \u00e0 reportagem da Folha de S. Paulo.<\/p>\n\n\n\n<p>\u201cO R\u00e9veillon Rio 2020 ser\u00e1 um evento grandioso e plural, contemplando todos os estilos musicais\u201d, continuou o \u00f3rg\u00e3o. \u201cOs palcos espalhados pela orla de Copacabana tocar\u00e3o diversos ritmos, passando pelo samba, pagode, rock, funk, gospel, entre outros\u201d.<\/p>\n\n\n\n<p>A associa\u00e7\u00e3o de ateus foi fundada em 2008 e afirma ter hoje 18 mil membros em todo o pa\u00eds. O grupo defende bandeiras como a preserva\u00e7\u00e3o do Estado laico e o combate \u00e0 discrimina\u00e7\u00e3o contra ateus e agn\u00f3sticos.<\/p>\n\n\n\n<p>\n\nFONTE: GUIAME, COM INFORMA\u00c7\u00d5ES DA FOLHA DE S. PAULO\n\n<\/p>\n","protected":false},"excerpt":{"rendered":"<p>A Atea (Associa\u00e7\u00e3o Brasileira de Ateus e Agn\u00f3sticos) entrou na Justi\u00e7a nesta quarta-feira (11) contra a prefeitura do Rio de Janeiro, pedindo a retirada da m\u00fasica gospel na programa\u00e7\u00e3o do R\u00e9veillon de Copacabana.&nbsp; Em a\u00e7\u00e3o civil p\u00fablica, protocolada na 5\u00aa Vara da Fazenda P\u00fablica do Rio, a Atea pede que o prefeito Marcelo Crivella devolva [&hellip;]<\/p>\n","protected":false},"author":2,"featured_media":4547,"comment_status":"open","ping_status":"open","sticky":false,"template":"","format":"standard","meta":[],"categories":[10,4],"tags":[],"_links":{"self":[{"href":"https:\/\/dgospel.com.br\/portal\/index.php\/wp-json\/wp\/v2\/posts\/4546"}],"collection":[{"href":"https:\/\/dgospel.com.br\/portal\/index.php\/wp-json\/wp\/v2\/posts"}],"about":[{"href":"https:\/\/dgospel.com.br\/portal\/index.php\/wp-json\/wp\/v2\/types\/post"}],"author":[{"embeddable":true,"href":"https:\/\/dgospel.com.br\/portal\/index.php\/wp-json\/wp\/v2\/users\/2"}],"replies":[{"embeddable":true,"href":"https:\/\/dgospel.com.br\/portal\/index.php\/wp-json\/wp\/v2\/comments?post=4546"}],"version-history":[{"count":1,"href":"https:\/\/dgospel.com.br\/portal\/index.php\/wp-json\/wp\/v2\/posts\/4546\/revisions"}],"predecessor-version":[{"id":4548,"href":"https:\/\/dgospel.com.br\/portal\/index.php\/wp-json\/wp\/v2\/posts\/4546\/revisions\/4548"}],"wp:featuredmedia":[{"embeddable":true,"href":"https:\/\/dgospel.com.br\/portal\/index.php\/wp-json\/wp\/v2\/media\/4547"}],"wp:attachment":[{"href":"https:\/\/dgospel.com.br\/portal\/index.php\/wp-json\/wp\/v2\/media?parent=4546"}],"wp:term":[{"taxonomy":"category","embeddable":true,"href":"https:\/\/dgospel.com.br\/portal\/index.php\/wp-json\/wp\/v2\/categories?post=4546"},{"taxonomy":"post_tag","embeddable":true,"href":"https:\/\/dgospel.com.br\/portal\/index.php\/wp-json\/wp\/v2\/tags?post=4546"}],"curies":[{"name":"wp","href":"https:\/\/api.w.org\/{rel}","templated":true}]}}